{"id":1471,"date":"2012-02-17T17:25:19","date_gmt":"2012-02-17T16:25:19","guid":{"rendered":"http:\/\/revue.autoformation.chez.com\/?p=1044"},"modified":"2012-02-17T17:25:19","modified_gmt":"2012-02-17T16:25:19","slug":"livre-tic-et-metiers-de-lenseignement-superieur","status":"publish","type":"post","link":"https:\/\/cis-h.fr\/AGRAF\/2012\/02\/17\/livre-tic-et-metiers-de-lenseignement-superieur\/","title":{"rendered":"Livre : TIC et m\u00e9tiers de l&rsquo;enseignement sup\u00e9rieur"},"content":{"rendered":"<h4>TIC et m\u00e9tiers de l\u2019enseignement sup\u00e9rieur.<\/h4>\n<h5>\u00c9mergences, transformations.<\/h5>\n<p><em>\u00c9dit\u00e9 par Marie-Jos\u00e9 Barbot et Luc Massou<\/em><br \/>\nQuestions de communication, S\u00e9rie Actes 14\/2011<\/p>\n<p>Prenant appui sur les r\u00e9sultats qualitatifs et quantitatifs d\u2019une enqu\u00eate sur les liens entre technologies de l\u2019information et de la communication (TIC) et pratiques enseignantes, men\u00e9e aupr\u00e8s d\u2019enseignants-chercheurs en sciences humaines et sociales d\u2019universit\u00e9s fran\u00e7aises et norv\u00e9giennes, cet ouvrage croise les regards<br \/>\nde chercheurs fran\u00e7ais et internationaux en sciences de l\u2019information et de la communication et sciences de l\u2019\u00e9ducation dans une perspective r\u00e9solument interdisciplinaire.<br \/>\n\u00c9vitant tout discours d\u00e9terministe ou prescripteur sur la place des TIC au sein des universit\u00e9s et dans les m\u00e9tiers de l\u2019enseignement sup\u00e9rieur, cette recherche se veut avant tout heuristique et critique, apportant des outils de lecture et de compr\u00e9hension des questions en jeu dans les usages d\u00e9clar\u00e9s par les enseignants-chercheurs.<br \/>\nL\u2019ouvrage est structur\u00e9 en quatre sections permettant d\u2019\u00e9valuer la complexit\u00e9 du sujet :<\/p>\n<ul>\n<li>\u00ab TIC et conceptions p\u00e9dagogiques \u00bb : Marie-Jos\u00e9 Gremmo, Catherine Kellner, Denis Berthiaume, Marianne Poumay, Daniel Poisson<\/li>\n<li>\u00ab TIC et approches des usages \u00bb : Laurence Habib, Hans Christian Arnseth, Laurent Petit<\/li>\n<li>\u00ab TIC et professionnalisation des enseignants-chercheurs \u00bb : Marie-Jos\u00e9 Barbot, Luc Massou, Laurence Habib, St\u00e9phane Simonian, Judith Barna<\/li>\n<li>\u00ab TIC et politiques institutionnelles \u00bb : Didier Baltazart, Nathalie Lavielle-Gutnik, Nicole Poteaux, Pierre M\u0153glin, Jean-Fran\u00e7ois Bachelet<\/li>\n<\/ul>\n<p>Ainsi invite-t-on \u00e0 repenser le rapport, souvent \u00e9tabli, entre TIC et changement, et souligner l\u2019importance de facteurs comme l\u2019identit\u00e9 disciplinaire et professionnelle, la probl\u00e9matisation des modalit\u00e9s d\u2019apprentissage des \u00e9tudiants et la repr\u00e9sentation du r\u00f4le de l\u2019universit\u00e9 chez les enseignants-chercheurs.<\/p>\n<p>Avec le soutien de la MSH Lorraine, et aussi : CREM, LISEC, Universit\u00e9 Nancy 2, Oslo University College, CIREL-Th\u00e9odile, R\u00e9gion Lorraine et Minist\u00e8re de l\u2019enseignement sup\u00e9rieur et de la recherche.<br \/>\nOuvrage \u00e0 commander en ligne au Comptoir des Presses d\u2019Universit\u00e9 :<br \/>\n<a href=\"http:\/\/www.lcdpu.fr\/livre\/?GCOI=27000100304680\" target=\"_blank\" rel=\"noopener\">http:\/\/www.lcdpu.fr\/livre\/?GCOI=27000100304680<\/a><br \/>\nVIENT DE PARAITRE<\/p>\n","protected":false},"excerpt":{"rendered":"<p>TIC et m\u00e9tiers de l\u2019enseignement sup\u00e9rieur. \u00c9mergences, transformations. <\/p>\n<p>\u00c9dit\u00e9 par Marie-Jos\u00e9 Barbot et Luc Massou Questions de communication, S\u00e9rie Actes 14\/2011<\/p>\n<p>Prenant appui sur les r\u00e9sultats qualitatifs et quantitatifs d\u2019une enqu\u00eate sur les liens entre technologies de l\u2019information et de la communication (TIC) et pratiques enseignantes, men\u00e9e aupr\u00e8s d\u2019enseignants-chercheurs en sciences humaines et sociales d\u2019universit\u00e9s [&#8230;]<\/p>\n","protected":false},"author":2,"featured_media":0,"comment_status":"open","ping_status":"open","sticky":false,"template":"","format":"standard","meta":{"footnotes":""},"categories":[7],"tags":[],"class_list":["post-1471","post","type-post","status-publish","format-standard","hentry","category-biblio","odd"],"_links":{"self":[{"href":"https:\/\/cis-h.fr\/AGRAF\/wp-json\/wp\/v2\/posts\/1471","targetHints":{"allow":["GET"]}}],"collection":[{"href":"https:\/\/cis-h.fr\/AGRAF\/wp-json\/wp\/v2\/posts"}],"about":[{"href":"https:\/\/cis-h.fr\/AGRAF\/wp-json\/wp\/v2\/types\/post"}],"author":[{"embeddable":true,"href":"https:\/\/cis-h.fr\/AGRAF\/wp-json\/wp\/v2\/users\/2"}],"replies":[{"embeddable":true,"href":"https:\/\/cis-h.fr\/AGRAF\/wp-json\/wp\/v2\/comments?post=1471"}],"version-history":[{"count":0,"href":"https:\/\/cis-h.fr\/AGRAF\/wp-json\/wp\/v2\/posts\/1471\/revisions"}],"wp:attachment":[{"href":"https:\/\/cis-h.fr\/AGRAF\/wp-json\/wp\/v2\/media?parent=1471"}],"wp:term":[{"taxonomy":"category","embeddable":true,"href":"https:\/\/cis-h.fr\/AGRAF\/wp-json\/wp\/v2\/categories?post=1471"},{"taxonomy":"post_tag","embeddable":true,"href":"https:\/\/cis-h.fr\/AGRAF\/wp-json\/wp\/v2\/tags?post=1471"}],"curies":[{"name":"wp","href":"https:\/\/api.w.org\/{rel}","templated":true}]}}