{"id":1473,"date":"2012-04-25T07:32:52","date_gmt":"2012-04-25T06:32:52","guid":{"rendered":"http:\/\/revue.autoformation.chez.com\/?p=1105"},"modified":"2012-04-25T07:32:52","modified_gmt":"2012-04-25T06:32:52","slug":"a-jezegou-la-presence-en-e-learning","status":"publish","type":"post","link":"https:\/\/cis-h.fr\/AGRAF\/2012\/04\/25\/a-jezegou-la-presence-en-e-learning\/","title":{"rendered":"A. J\u00e9z\u00e9gou : La pr\u00e9sence en e-learning"},"content":{"rendered":"<h4>J\u00e9z\u00e9gou, A. (2012).\u00a0<a href=\"http:\/\/www.jofde.ca\/index.php\/jde\/article\/view\/777\/1349\" target=\"_blank\" rel=\"noopener\">La pr\u00e9sence en e-learning : mod\u00e8le th\u00e9orique et perspective pour la recherche<\/a>.\u00a0<em>The <\/em><em>Journal of Distance Education \/ Revue de l\u2019\u00c9ducation \u00e0 Distance, Vol 26, N\u00b01<\/em>. Canada.<\/h4>\n<p>RESUME: L\u2019auteure de cet article propose un mod\u00e8le de la pr\u00e9sence en e-learning. Ce mod\u00e8le comporte quelques similitudes avec le mod\u00e8le de <a href=\"http:\/\/www.jofde.ca\/index.php\/jde\/article\/view\/652\" target=\"_blank\" rel=\"noopener\">community of inquiry<\/a> en e-learning (Garrison et Anderson, 2003) mais \u00e9galement des diff\u00e9rences importantes. En effet, il aborde la notion de pr\u00e9sence sous un autre angle, la caract\u00e9rise et la d\u00e9cline diff\u00e9remment. L\u2019auteure pr\u00e9cise tout d\u2019abord les r\u00e9f\u00e9rents \u00e9pist\u00e9mologiques du mod\u00e8le propos\u00e9. Ensuite, elle d\u00e9crit les processus interactionnels \u00e0 l\u2019\u0153uvre dans chacune des trois dimensions du mod\u00e8le : la pr\u00e9sence socio-cognitive (1), la pr\u00e9sence socio-affective (2) et la pr\u00e9sence p\u00e9dagogique (3). Elle propose \u00e9galement une repr\u00e9sentation sch\u00e9matique de ce mod\u00e8le. Puis, elle montre la mani\u00e8re dont ses trois dimensions peuvent s\u2019articuler et formule les principales hypoth\u00e8ses qui r\u00e9sultent de ces articulations. Pour terminer, l\u2019auteure pr\u00e9cise notamment que ce mod\u00e8le doit \u00eatre soumis \u00e0 l\u2019\u00e9preuve de r\u00e9flexions th\u00e9oriques et de travaux empiriques afin de confirmer sa pertinence, d\u00e9terminer ses forces et lui apporter, si n\u00e9cessaire, des axes d\u2019am\u00e9lioration.<\/p>\n<p style=\"text-align: right;\"><em>Source : Annie J\u00e9z\u00e9gou<\/em><\/p>\n","protected":false},"excerpt":{"rendered":"<p>J\u00e9z\u00e9gou, A. (2012). La pr\u00e9sence en e-learning : mod\u00e8le th\u00e9orique et perspective pour la recherche. The Journal of Distance Education \/ Revue de l\u2019\u00c9ducation \u00e0 Distance, Vol 26, N\u00b01. Canada. <\/p>\n<p>RESUME: L\u2019auteure de cet article propose un mod\u00e8le de la pr\u00e9sence en e-learning. Ce mod\u00e8le comporte quelques similitudes avec le mod\u00e8le de community of inquiry [&#8230;]<\/p>\n","protected":false},"author":2,"featured_media":0,"comment_status":"open","ping_status":"open","sticky":false,"template":"","format":"standard","meta":{"footnotes":""},"categories":[7,3],"tags":[],"class_list":["post-1473","post","type-post","status-publish","format-standard","hentry","category-biblio","category-documents","odd"],"_links":{"self":[{"href":"https:\/\/cis-h.fr\/AGRAF\/wp-json\/wp\/v2\/posts\/1473","targetHints":{"allow":["GET"]}}],"collection":[{"href":"https:\/\/cis-h.fr\/AGRAF\/wp-json\/wp\/v2\/posts"}],"about":[{"href":"https:\/\/cis-h.fr\/AGRAF\/wp-json\/wp\/v2\/types\/post"}],"author":[{"embeddable":true,"href":"https:\/\/cis-h.fr\/AGRAF\/wp-json\/wp\/v2\/users\/2"}],"replies":[{"embeddable":true,"href":"https:\/\/cis-h.fr\/AGRAF\/wp-json\/wp\/v2\/comments?post=1473"}],"version-history":[{"count":0,"href":"https:\/\/cis-h.fr\/AGRAF\/wp-json\/wp\/v2\/posts\/1473\/revisions"}],"wp:attachment":[{"href":"https:\/\/cis-h.fr\/AGRAF\/wp-json\/wp\/v2\/media?parent=1473"}],"wp:term":[{"taxonomy":"category","embeddable":true,"href":"https:\/\/cis-h.fr\/AGRAF\/wp-json\/wp\/v2\/categories?post=1473"},{"taxonomy":"post_tag","embeddable":true,"href":"https:\/\/cis-h.fr\/AGRAF\/wp-json\/wp\/v2\/tags?post=1473"}],"curies":[{"name":"wp","href":"https:\/\/api.w.org\/{rel}","templated":true}]}}