{"id":1474,"date":"2012-04-25T07:42:14","date_gmt":"2012-04-25T06:42:14","guid":{"rendered":"http:\/\/revue.autoformation.chez.com\/?p=1110"},"modified":"2012-04-25T07:42:14","modified_gmt":"2012-04-25T06:42:14","slug":"symposium-2012-du-reseau-quebecois-pour-la-pratique-des-histoires-de-vie","status":"publish","type":"post","link":"https:\/\/cis-h.fr\/AGRAF\/2012\/04\/25\/symposium-2012-du-reseau-quebecois-pour-la-pratique-des-histoires-de-vie\/","title":{"rendered":"Symposium 2012 du R\u00e9seau Qu\u00e9b\u00e9cois pour la Pratique des Histoires de Vie"},"content":{"rendered":"<h4>Symposium annuel du RQPHV, <a rel=\"external\" href=\"http:\/\/jouvence.com\/experiences\/reunions\/\">Jouvence<\/a>, parc national du Mont-Orford, <strong>27 au 29 septembre 2012<\/strong><\/h4>\n<h3>L\u2019environnement, une histoire de vie<br \/>\nLa vie, une histoire d\u2019environnement<\/h3>\n<p><em>Les dimensions \u00e9cologiques dans les histoires de vie, des questions et des pratiques au carrefour de plusieurs r\u00e9seaux <\/em><\/p>\n<p>h<a href=\"http:\/\/www.rqphv.org\/spip.php?article40\" target=\"_self\" rel=\"noopener\">ttp:\/\/www.rqphv.org\/spip.php?article40 <\/a><\/p>\n<p style=\"text-align: right;\"><em>Source : Pascal Galvani<\/em><\/p>\n","protected":false},"excerpt":{"rendered":"<p>Symposium annuel du RQPHV, Jouvence, parc national du Mont-Orford, 27 au 29 septembre 2012 L\u2019environnement, une histoire de vie La vie, une histoire d\u2019environnement <\/p>\n<p>Les dimensions \u00e9cologiques dans les histoires de vie, des questions et des pratiques au carrefour de plusieurs r\u00e9seaux <\/p>\n<p>http:\/\/www.rqphv.org\/spip.php?article40 <\/p>\n<p style=\"text-align: right;\">Source : Pascal Galvani<\/p>\n<p> [&#8230;]<\/p>\n","protected":false},"author":2,"featured_media":0,"comment_status":"open","ping_status":"open","sticky":false,"template":"","format":"standard","meta":{"footnotes":""},"categories":[4],"tags":[],"class_list":["post-1474","post","type-post","status-publish","format-standard","hentry","category-evenements","odd"],"_links":{"self":[{"href":"https:\/\/cis-h.fr\/AGRAF\/wp-json\/wp\/v2\/posts\/1474","targetHints":{"allow":["GET"]}}],"collection":[{"href":"https:\/\/cis-h.fr\/AGRAF\/wp-json\/wp\/v2\/posts"}],"about":[{"href":"https:\/\/cis-h.fr\/AGRAF\/wp-json\/wp\/v2\/types\/post"}],"author":[{"embeddable":true,"href":"https:\/\/cis-h.fr\/AGRAF\/wp-json\/wp\/v2\/users\/2"}],"replies":[{"embeddable":true,"href":"https:\/\/cis-h.fr\/AGRAF\/wp-json\/wp\/v2\/comments?post=1474"}],"version-history":[{"count":0,"href":"https:\/\/cis-h.fr\/AGRAF\/wp-json\/wp\/v2\/posts\/1474\/revisions"}],"wp:attachment":[{"href":"https:\/\/cis-h.fr\/AGRAF\/wp-json\/wp\/v2\/media?parent=1474"}],"wp:term":[{"taxonomy":"category","embeddable":true,"href":"https:\/\/cis-h.fr\/AGRAF\/wp-json\/wp\/v2\/categories?post=1474"},{"taxonomy":"post_tag","embeddable":true,"href":"https:\/\/cis-h.fr\/AGRAF\/wp-json\/wp\/v2\/tags?post=1474"}],"curies":[{"name":"wp","href":"https:\/\/api.w.org\/{rel}","templated":true}]}}