{"id":1476,"date":"2012-04-25T10:51:08","date_gmt":"2012-04-25T09:51:08","guid":{"rendered":"http:\/\/revue.autoformation.chez.com\/?p=1118"},"modified":"2012-04-25T10:51:08","modified_gmt":"2012-04-25T09:51:08","slug":"symposium-a-graf-2012","status":"publish","type":"post","link":"https:\/\/cis-h.fr\/AGRAF\/2012\/04\/25\/symposium-a-graf-2012\/","title":{"rendered":"Symposium A-GRAF 2012"},"content":{"rendered":"<h3><span style=\"font-family: Calibri;\">Le programme de nos rencontres de ce premier week-end de juin  (2&amp;3):<\/span><\/h3>\n<ul>\n<li><span style=\"font-family: Calibri;\">Panorama des activit\u00e9s de chacun relatives \u00e0  l&rsquo;autoformation<\/span><\/li>\n<li><span style=\"font-family: Calibri;\">Compte rendu des travaux r\u00e9alis\u00e9s lors des journ\u00e9es  d&rsquo;\u00e9tudes du 18 &amp; 19 novembre, du 9 d\u00e9cembre et du 20 janvier, journ\u00e9e  hommage \u00e0 G. Ml\u00e9kuz <\/span><\/li>\n<li><span style=\"font-family: Calibri;\">Synth\u00e8se des contributions de l&rsquo;A-GRAF lors du colloque  du CREAD les 22, 23 &amp; 24 mai<\/span><\/li>\n<li><span style=\"font-family: Calibri;\">R\u00e9flexions op\u00e9rationnelles sur la r\u00e9novation du site web  de notre association<\/span><\/li>\n<\/ul>\n<div><span style=\"font-family: Calibri;\">Ces \u00e9changes permettront d&rsquo;avancer notre r\u00e9flexion  prospective de l&rsquo;A-GRAF dont le site en sera le support.<\/span><\/div>\n<div>Le s\u00e9minaire se d\u00e9roulera toute la journ\u00e9e du samedi et le dimanche  jusqu&rsquo;au d\u00e9but d&rsquo;apr\u00e8s midi (arriv\u00e9e possible d\u00e8s le vendredi soir),dans la r\u00e9gion parisienne \u00e0 :<\/div>\n<p><span style=\"font-family: Calibri;\"> <\/span><\/p>\n<h4>l&rsquo; Association Attente, 4, Route de Vauvert  91150 ORMOY LA RIVIERE<\/h4>\n<div><em>acc\u00e8s RER C depuis Paris jusqu&rsquo;au terminus de Saint Martin d&rsquo;\u00c9tampes (1  h environ en parcours omnibus).<\/em><\/div>\n<div style=\"text-align: right;\"><em><strong>Contact<\/strong>: Cathy Cl\u00e9net<br \/>\n<\/em><\/div>\n","protected":false},"excerpt":{"rendered":"<p>Le programme de nos rencontres de ce premier week-end de juin (2&amp;3): Panorama des activit\u00e9s de chacun relatives \u00e0 l&rsquo;autoformation Compte rendu des travaux r\u00e9alis\u00e9s lors des journ\u00e9es d&rsquo;\u00e9tudes du 18 &amp; 19 novembre, du 9 d\u00e9cembre et du 20 janvier, journ\u00e9e hommage \u00e0 G. Ml\u00e9kuz Synth\u00e8se des contributions de l&rsquo;A-GRAF lors du colloque du [&#8230;]<\/p>\n","protected":false},"author":2,"featured_media":0,"comment_status":"open","ping_status":"open","sticky":false,"template":"","format":"standard","meta":{"footnotes":""},"categories":[4],"tags":[],"class_list":["post-1476","post","type-post","status-publish","format-standard","hentry","category-evenements","odd"],"_links":{"self":[{"href":"https:\/\/cis-h.fr\/AGRAF\/wp-json\/wp\/v2\/posts\/1476","targetHints":{"allow":["GET"]}}],"collection":[{"href":"https:\/\/cis-h.fr\/AGRAF\/wp-json\/wp\/v2\/posts"}],"about":[{"href":"https:\/\/cis-h.fr\/AGRAF\/wp-json\/wp\/v2\/types\/post"}],"author":[{"embeddable":true,"href":"https:\/\/cis-h.fr\/AGRAF\/wp-json\/wp\/v2\/users\/2"}],"replies":[{"embeddable":true,"href":"https:\/\/cis-h.fr\/AGRAF\/wp-json\/wp\/v2\/comments?post=1476"}],"version-history":[{"count":0,"href":"https:\/\/cis-h.fr\/AGRAF\/wp-json\/wp\/v2\/posts\/1476\/revisions"}],"wp:attachment":[{"href":"https:\/\/cis-h.fr\/AGRAF\/wp-json\/wp\/v2\/media?parent=1476"}],"wp:term":[{"taxonomy":"category","embeddable":true,"href":"https:\/\/cis-h.fr\/AGRAF\/wp-json\/wp\/v2\/categories?post=1476"},{"taxonomy":"post_tag","embeddable":true,"href":"https:\/\/cis-h.fr\/AGRAF\/wp-json\/wp\/v2\/tags?post=1476"}],"curies":[{"name":"wp","href":"https:\/\/api.w.org\/{rel}","templated":true}]}}