{"id":1486,"date":"2012-05-09T08:08:41","date_gmt":"2012-05-09T07:08:41","guid":{"rendered":"http:\/\/revue.autoformation.chez.com\/?p=1174"},"modified":"2012-05-09T08:08:41","modified_gmt":"2012-05-09T07:08:41","slug":"ecologie-et-formation","status":"publish","type":"post","link":"https:\/\/cis-h.fr\/AGRAF\/2012\/05\/09\/ecologie-et-formation\/","title":{"rendered":"Ecologie et formation"},"content":{"rendered":"<h4>Tout au long de la vie, l&rsquo;autoformation rentre en r\u00e9sonance avec l&rsquo;\u00e9coformation : on apprend de soi, des autres et de l&rsquo;environnement.<\/h4>\n<blockquote><p>\u00ab\u00a0La collection <strong>\u00e9cologie et formation <\/strong>veut explorer les relations  formatrices entre les personnes, les soci\u00e9t\u00e9s et l\u2019environnement:  formation de soi et\/ou d\u2019une soci\u00e9t\u00e9 dans son rapport aux mati\u00e8res, aux  \u00e9l\u00e9ments, aux milieux naturels et urbains et, r\u00e9ciproquement, formation  de l\u2019environnement par ses occupants. La survie \u00e9cologique implique ces  \u00e9coformations et leurs prises de consciences pour inventer une nouvelle  identit\u00e9 terrienne en transformant nos \u00abrapports d\u2019usage\u00bb en \u00abrapport du  sage\u00bb.\u00a0\u00bb<\/p><\/blockquote>\n<p>Voir la <a href=\"http:\/\/pascalgalvani.uqar.ca\/Blog_Pascal\/Ecologie_%26_Formation.html\" target=\"_blank\" rel=\"noopener\">pr\u00e9sentation de la collection<\/a> sur le Blog de <em>Pascal Galvani<\/em><\/p>\n<p>Voir aussi : <em>Jean Adrien VERGNES<\/em>, Consultant aupr\u00e8s de l\u2019Unesco &amp; du Minist\u00e8re fran\u00e7ais des Affaires \u00e9trang\u00e8res, Apprentissage tout au long de la vie et D\u00e9veloppement durable<br \/>\n<a href=\"http:\/\/www.agora21.org\/international\/community\/pg\/file\/353\/read\/5574\/le-constat-sur-la-mise-en-oeuvre-des-recommandations-de-rio-1992-des-propositions-pour-laction\">http:\/\/www.agora21.org\/international\/community\/pg\/file\/353\/read\/5574\/le-constat-sur-la-mise-en-oeuvre-des-recommandations-de-rio-1992-des-propositions-pour-laction<\/a><\/p>\n","protected":false},"excerpt":{"rendered":"<p>Tout au long de la vie, l&rsquo;autoformation rentre en r\u00e9sonance avec l&rsquo;\u00e9coformation : on apprend de soi, des autres et de l&rsquo;environnement. <\/p>\n<p>\u00ab La collection \u00e9cologie et formation veut explorer les relations formatrices entre les personnes, les soci\u00e9t\u00e9s et l\u2019environnement: formation de soi et\/ou d\u2019une soci\u00e9t\u00e9 dans son rapport aux mati\u00e8res, aux \u00e9l\u00e9ments, aux milieux [&#8230;]<\/p>\n","protected":false},"author":2,"featured_media":0,"comment_status":"open","ping_status":"open","sticky":false,"template":"","format":"standard","meta":{"footnotes":""},"categories":[7],"tags":[],"class_list":["post-1486","post","type-post","status-publish","format-standard","hentry","category-biblio","odd"],"_links":{"self":[{"href":"https:\/\/cis-h.fr\/AGRAF\/wp-json\/wp\/v2\/posts\/1486","targetHints":{"allow":["GET"]}}],"collection":[{"href":"https:\/\/cis-h.fr\/AGRAF\/wp-json\/wp\/v2\/posts"}],"about":[{"href":"https:\/\/cis-h.fr\/AGRAF\/wp-json\/wp\/v2\/types\/post"}],"author":[{"embeddable":true,"href":"https:\/\/cis-h.fr\/AGRAF\/wp-json\/wp\/v2\/users\/2"}],"replies":[{"embeddable":true,"href":"https:\/\/cis-h.fr\/AGRAF\/wp-json\/wp\/v2\/comments?post=1486"}],"version-history":[{"count":0,"href":"https:\/\/cis-h.fr\/AGRAF\/wp-json\/wp\/v2\/posts\/1486\/revisions"}],"wp:attachment":[{"href":"https:\/\/cis-h.fr\/AGRAF\/wp-json\/wp\/v2\/media?parent=1486"}],"wp:term":[{"taxonomy":"category","embeddable":true,"href":"https:\/\/cis-h.fr\/AGRAF\/wp-json\/wp\/v2\/categories?post=1486"},{"taxonomy":"post_tag","embeddable":true,"href":"https:\/\/cis-h.fr\/AGRAF\/wp-json\/wp\/v2\/tags?post=1486"}],"curies":[{"name":"wp","href":"https:\/\/api.w.org\/{rel}","templated":true}]}}