{"id":1490,"date":"2012-06-07T17:41:39","date_gmt":"2012-06-07T16:41:39","guid":{"rendered":"http:\/\/revue.autoformation.chez.com\/?p=1321"},"modified":"2012-06-07T17:41:39","modified_gmt":"2012-06-07T16:41:39","slug":"participation-de-la-graf-au-colloque-du-cread-mai-2012","status":"publish","type":"post","link":"https:\/\/cis-h.fr\/AGRAF\/2012\/06\/07\/participation-de-la-graf-au-colloque-du-cread-mai-2012\/","title":{"rendered":"Participation de l&rsquo;A-graf au colloque du CREAD, mai 2012"},"content":{"rendered":"<p>Dans le cadre du colloque international du <strong><a href=\"http:\/\/esup.bretagne.iufm.fr\/colloque_cread_2012\/index.jsp\" target=\"_blank\" rel=\"noopener\">CREAD<\/a><\/strong> de l&rsquo;universit\u00e9 de Rennes 2 \u00ab\u00a0<strong>Formes d&rsquo;\u00e9ducation et processus d&rsquo;\u00e9mancipation<\/strong>\u00a0\u00bb\u00a0 nous avons d\u00e9battu de l&rsquo;autoformation et de ses liens et rapports avec l&rsquo;\u00e9mancipation, lors d&rsquo;un symposium \u00ab\u00a0<strong>Autoformation et Socialit\u00e9. Coproduction et qu\u00eate de sens<\/strong>, <strong>entre instrumentalisation et \u00e9mancipation<\/strong>\u00a0\u00bb r\u00e9unissant cinq membres (\u00c9ric Bertrand, Vivien Bracini, Catherine Cl\u00e9net, Francis Lesourd et Yvette Moulin) . Cf. sur le site rubrique <a href=\"http:\/\/esup.bretagne.iufm.fr\/colloque_cread_2012\/paper_submission\/liste.jsp\" target=\"_blank\" rel=\"noopener\">Symposiums<\/a>.<\/p>\n<p>A signaler \u00e9galement d&rsquo;autres contributions d&rsquo;agrafistes dans d&rsquo;autres symposiums, discutant la probl\u00e9matique de l&rsquo;\u00e9mancipation \u00e0 travers les questions de l&rsquo;<em>accompagnement en formation<\/em> (Herv\u00e9 Breton, Catherine Cl\u00e9net, No\u00ebl Denoyel), du <em>r\u00e9cit d&rsquo;exp\u00e9rience<\/em> (Jean-Louis Le Grand), des <em>temporalit\u00e9s <\/em>(Francis Lesourd), et de sa <em>place dans les universit\u00e9s<\/em> (Martine Morisse).<\/p>\n<p>Ces d\u00e9bats amorc\u00e9s et sans doute in\u00e9puisables trouveront certainement suite dans d&rsquo;autres manifestations&#8230; @suivre<\/p>\n<p style=\"text-align: right;\">Source : C. Cl\u00e9net<\/p>\n","protected":false},"excerpt":{"rendered":"<p>Dans le cadre du colloque international du CREAD de l&rsquo;universit\u00e9 de Rennes 2 \u00ab Formes d&rsquo;\u00e9ducation et processus d&rsquo;\u00e9mancipation \u00bb nous avons d\u00e9battu de l&rsquo;autoformation et de ses liens et rapports avec l&rsquo;\u00e9mancipation, lors d&rsquo;un symposium \u00ab Autoformation et Socialit\u00e9. Coproduction et qu\u00eate de sens, entre instrumentalisation et \u00e9mancipation \u00bb r\u00e9unissant cinq membres (\u00c9ric Bertrand, [&#8230;]<\/p>\n","protected":false},"author":2,"featured_media":0,"comment_status":"open","ping_status":"open","sticky":false,"template":"","format":"standard","meta":{"footnotes":""},"categories":[2,4],"tags":[],"class_list":["post-1490","post","type-post","status-publish","format-standard","hentry","category-breve","category-evenements","odd"],"_links":{"self":[{"href":"https:\/\/cis-h.fr\/AGRAF\/wp-json\/wp\/v2\/posts\/1490","targetHints":{"allow":["GET"]}}],"collection":[{"href":"https:\/\/cis-h.fr\/AGRAF\/wp-json\/wp\/v2\/posts"}],"about":[{"href":"https:\/\/cis-h.fr\/AGRAF\/wp-json\/wp\/v2\/types\/post"}],"author":[{"embeddable":true,"href":"https:\/\/cis-h.fr\/AGRAF\/wp-json\/wp\/v2\/users\/2"}],"replies":[{"embeddable":true,"href":"https:\/\/cis-h.fr\/AGRAF\/wp-json\/wp\/v2\/comments?post=1490"}],"version-history":[{"count":0,"href":"https:\/\/cis-h.fr\/AGRAF\/wp-json\/wp\/v2\/posts\/1490\/revisions"}],"wp:attachment":[{"href":"https:\/\/cis-h.fr\/AGRAF\/wp-json\/wp\/v2\/media?parent=1490"}],"wp:term":[{"taxonomy":"category","embeddable":true,"href":"https:\/\/cis-h.fr\/AGRAF\/wp-json\/wp\/v2\/categories?post=1490"},{"taxonomy":"post_tag","embeddable":true,"href":"https:\/\/cis-h.fr\/AGRAF\/wp-json\/wp\/v2\/tags?post=1490"}],"curies":[{"name":"wp","href":"https:\/\/api.w.org\/{rel}","templated":true}]}}