{"id":1491,"date":"2012-06-27T08:10:26","date_gmt":"2012-06-27T07:10:26","guid":{"rendered":"http:\/\/revue.autoformation.chez.com\/?p=1349"},"modified":"2012-06-27T08:10:26","modified_gmt":"2012-06-27T07:10:26","slug":"temporalites-et-autobiographie","status":"publish","type":"post","link":"https:\/\/cis-h.fr\/AGRAF\/2012\/06\/27\/temporalites-et-autobiographie\/","title":{"rendered":"Temporalit\u00e9s et autobiographie"},"content":{"rendered":"<h4>Appel \u00e0 contributions pour Temporalit\u00e9s n\u00b0 17 (2013\/1)<\/h4>\n<p><a href=\"http:\/\/temporalites.revues.org\" target=\"_blank\" rel=\"noopener\">http:\/\/temporalites.revues.org<\/a><\/p>\n<p>\u00ab\u00a0L\u2019autobiographie articule et confronte temporalit\u00e9s v\u00e9cues et temporalit\u00e9s narratives. Les \u00e9volutions<br \/>\naffectant les premi\u00e8res peuvent transformer les secondes : le projet de ce num\u00e9ro est de faire un point<br \/>\napprofondi sur les dimensions internes de chacune de ces temporalit\u00e9s et leurs relations mutuelles, qui<br \/>\naffectent en profondeur les mani\u00e8res de se raconter.<br \/>\nEn d\u00e9composant le terme auto-bio-graphie, on peut ainsi pr\u00e9ciser la th\u00e9matique du num\u00e9ro.\u00a0\u00bb<\/p>\n<ol>\n<li>Auto\u2026 ou du c\u00f4t\u00e9 du <strong>sujet<\/strong><\/li>\n<li>&#8230;bio\u2026 ou du c\u00f4t\u00e9 de la<strong> vie<\/strong><\/li>\n<li>&#8230;graphie\u2026 ou du c\u00f4t\u00e9 de l\u2019<strong>\u00e9criture<\/strong><\/li>\n<\/ol>\n<p><strong>Lire<\/strong> : Dubar, C (2004). \u00ab <a href=\"http:\/\/temporalites.revues.org\/661\" target=\"_blank\" rel=\"noopener\">R\u00e9gimes de temporalit\u00e9s et mutation des temps sociaux<\/a> \u00bb, Temporalit\u00e9s<\/p>\n","protected":false},"excerpt":{"rendered":"<p>Appel \u00e0 contributions pour Temporalit\u00e9s n\u00b0 17 (2013\/1) <\/p>\n<p>http:\/\/temporalites.revues.org<\/p>\n<p>\u00ab L\u2019autobiographie articule et confronte temporalit\u00e9s v\u00e9cues et temporalit\u00e9s narratives. Les \u00e9volutions affectant les premi\u00e8res peuvent transformer les secondes : le projet de ce num\u00e9ro est de faire un point approfondi sur les dimensions internes de chacune de ces temporalit\u00e9s et leurs relations mutuelles, qui affectent [&#8230;]<\/p>\n","protected":false},"author":2,"featured_media":0,"comment_status":"open","ping_status":"open","sticky":false,"template":"","format":"standard","meta":{"footnotes":""},"categories":[2],"tags":[],"class_list":["post-1491","post","type-post","status-publish","format-standard","hentry","category-breve","odd"],"_links":{"self":[{"href":"https:\/\/cis-h.fr\/AGRAF\/wp-json\/wp\/v2\/posts\/1491","targetHints":{"allow":["GET"]}}],"collection":[{"href":"https:\/\/cis-h.fr\/AGRAF\/wp-json\/wp\/v2\/posts"}],"about":[{"href":"https:\/\/cis-h.fr\/AGRAF\/wp-json\/wp\/v2\/types\/post"}],"author":[{"embeddable":true,"href":"https:\/\/cis-h.fr\/AGRAF\/wp-json\/wp\/v2\/users\/2"}],"replies":[{"embeddable":true,"href":"https:\/\/cis-h.fr\/AGRAF\/wp-json\/wp\/v2\/comments?post=1491"}],"version-history":[{"count":0,"href":"https:\/\/cis-h.fr\/AGRAF\/wp-json\/wp\/v2\/posts\/1491\/revisions"}],"wp:attachment":[{"href":"https:\/\/cis-h.fr\/AGRAF\/wp-json\/wp\/v2\/media?parent=1491"}],"wp:term":[{"taxonomy":"category","embeddable":true,"href":"https:\/\/cis-h.fr\/AGRAF\/wp-json\/wp\/v2\/categories?post=1491"},{"taxonomy":"post_tag","embeddable":true,"href":"https:\/\/cis-h.fr\/AGRAF\/wp-json\/wp\/v2\/tags?post=1491"}],"curies":[{"name":"wp","href":"https:\/\/api.w.org\/{rel}","templated":true}]}}