{"id":1494,"date":"2012-09-25T10:24:11","date_gmt":"2012-09-25T09:24:11","guid":{"rendered":"http:\/\/revue.autoformation.chez.com\/?p=1374"},"modified":"2012-09-25T10:24:11","modified_gmt":"2012-09-25T09:24:11","slug":"luniversite-cooperative-de-paris-ucp","status":"publish","type":"post","link":"https:\/\/cis-h.fr\/AGRAF\/2012\/09\/25\/luniversite-cooperative-de-paris-ucp\/","title":{"rendered":"L\u2019Universit\u00e9 Coop\u00e9rative de Paris (UCP)"},"content":{"rendered":"<h3>L\u2019Universit\u00e9 Coop\u00e9rative de Paris (UCP)<\/h3>\n<p><em>Se former autrement dans la grande tradition de l&rsquo;\u00e9ducation populaire : une voie vers les apprentissages tout au long de la vie&#8230;<\/em><\/p>\n<p>Ren\u00e9 Barbier, Christian Verrier, Michel Mounard, Nicolas Fasseur, Jean-Christophe Leforestier\u00a0 proposent :<\/p>\n<h4>Quatre axes de recherche et d\u2019enseignement<\/h4>\n<ul>\n<li>Axe 1 :<strong> \u00c9ducation et Formation des adultes<\/strong> (espace de rencontre, de d\u00e9bats, de formation continue autour de l\u2019id\u00e9e d\u2019\u00e9ducation des adultes) ;<\/li>\n<\/ul>\n<ul>\n<li>Axe 2 : <strong>\u00c9ducation populaire<\/strong> (lieu critique d\u00e9veloppant des th\u00e8mes actuels li\u00e9s au secteur del\u2019\u00e9ducation populaire) ;<\/li>\n<\/ul>\n<ul>\n<li>Axe 3 :<strong> Sagesses d\u2019ici et d\u2019ailleurs<\/strong> (consid\u00e9rer de fa\u00e7on philosophique et existentielle notre pr\u00e9sence au monde et ce qui nous anime dans nos d\u00e9sirs de changement) ;<\/li>\n<\/ul>\n<ul>\n<li>Axe 4 : <strong>\u00c9cole de la recherche<\/strong> (ouverte \u00e0 tout \u00e9tudiant ou toute autre personne d\u00e9sireuse de se familiariser avec les m\u00e9thodologies de la recherche en sciences humaines).<\/li>\n<\/ul>\n<p style=\"text-align: right;\"><strong>S&rsquo;informer sur le programme 2012-2013 de l&rsquo;UCP<\/strong> : <a href=\"http:\/\/www.ucp-paris.org\/\" target=\"_blank\" rel=\"noopener\">http:\/\/www.ucp-paris.org\/<\/a><\/p>\n","protected":false},"excerpt":{"rendered":"<p>L\u2019Universit\u00e9 Coop\u00e9rative de Paris (UCP) <\/p>\n<p>Se former autrement dans la grande tradition de l&rsquo;\u00e9ducation populaire : une voie vers les apprentissages tout au long de la vie&#8230;<\/p>\n<p>Ren\u00e9 Barbier, Christian Verrier, Michel Mounard, Nicolas Fasseur, Jean-Christophe Leforestier proposent :<\/p>\n<p> Quatre axes de recherche et d\u2019enseignement Axe 1 : \u00c9ducation et Formation des adultes (espace de [&#8230;]<\/p>\n","protected":false},"author":2,"featured_media":0,"comment_status":"open","ping_status":"open","sticky":false,"template":"","format":"standard","meta":{"footnotes":""},"categories":[4],"tags":[],"class_list":["post-1494","post","type-post","status-publish","format-standard","hentry","category-evenements","odd"],"_links":{"self":[{"href":"https:\/\/cis-h.fr\/AGRAF\/wp-json\/wp\/v2\/posts\/1494","targetHints":{"allow":["GET"]}}],"collection":[{"href":"https:\/\/cis-h.fr\/AGRAF\/wp-json\/wp\/v2\/posts"}],"about":[{"href":"https:\/\/cis-h.fr\/AGRAF\/wp-json\/wp\/v2\/types\/post"}],"author":[{"embeddable":true,"href":"https:\/\/cis-h.fr\/AGRAF\/wp-json\/wp\/v2\/users\/2"}],"replies":[{"embeddable":true,"href":"https:\/\/cis-h.fr\/AGRAF\/wp-json\/wp\/v2\/comments?post=1494"}],"version-history":[{"count":0,"href":"https:\/\/cis-h.fr\/AGRAF\/wp-json\/wp\/v2\/posts\/1494\/revisions"}],"wp:attachment":[{"href":"https:\/\/cis-h.fr\/AGRAF\/wp-json\/wp\/v2\/media?parent=1494"}],"wp:term":[{"taxonomy":"category","embeddable":true,"href":"https:\/\/cis-h.fr\/AGRAF\/wp-json\/wp\/v2\/categories?post=1494"},{"taxonomy":"post_tag","embeddable":true,"href":"https:\/\/cis-h.fr\/AGRAF\/wp-json\/wp\/v2\/tags?post=1494"}],"curies":[{"name":"wp","href":"https:\/\/api.w.org\/{rel}","templated":true}]}}