{"id":1495,"date":"2012-10-20T14:16:09","date_gmt":"2012-10-20T13:16:09","guid":{"rendered":"http:\/\/revue.autoformation.chez.com\/?p=1380"},"modified":"2012-10-20T14:16:09","modified_gmt":"2012-10-20T13:16:09","slug":"folkbildning-et-education-populaire","status":"publish","type":"post","link":"https:\/\/cis-h.fr\/AGRAF\/2012\/10\/20\/folkbildning-et-education-populaire\/","title":{"rendered":"Folkbildning et \u00e9ducation populaire"},"content":{"rendered":"<h4>Activit\u00e9s de l\u2019ICAE en appui aux activit\u00e9s de suivi de CONFINTEA VI<\/h4>\n<p>Cette commission a pour objectif de d\u00e9finir le folkbildning1 et l\u2019\u00e9ducation populaire, les meilleures pratiques et les m\u00e9thodes d\u2019\u00e9ducation des adultes ainsi que d\u2019autres strat\u00e9gies d\u2019apprentissage tout au long de la vie. La commission \u00e9tablira \u00e0 cet effet une typologie du sens de l\u2019\u00e9ducation des adultes et de l\u2019apprentissage tout au long de la vie, de leurs d\u00e9finitions et de leur conception dans le monde. Ces travaux s\u2019appuieront sur les concepts recens\u00e9s dans les rapports nationaux pr\u00e9par\u00e9s en vue du GRALE 2012. De m\u00eame, une \u00e9tude compar\u00e9e sur les points communs entre le folkbildning et l\u2019\u00e9ducation populaire devrait \u00eatre engag\u00e9e sous peu.<\/p>\n<p style=\"text-align: right;\">Source : <a href=\"http:\/\/uil.unesco.org\/fr\/accueil\/domaines-dactivites\/apprentissage-et-education-des-adultes\/portail-confintea\/\" target=\"_blank\" rel=\"noopener\">CONFINTEAVI<\/a>-Bulletin de suivi n\u00b04 &#8211; UIL<\/p>\n","protected":false},"excerpt":{"rendered":"<p>Activit\u00e9s de l\u2019ICAE en appui aux activit\u00e9s de suivi de CONFINTEA VI <\/p>\n<p>Cette commission a pour objectif de d\u00e9finir le folkbildning1 et l\u2019\u00e9ducation populaire, les meilleures pratiques et les m\u00e9thodes d\u2019\u00e9ducation des adultes ainsi que d\u2019autres strat\u00e9gies d\u2019apprentissage tout au long de la vie. La commission \u00e9tablira \u00e0 cet effet une typologie du sens de [&#8230;]<\/p>\n","protected":false},"author":2,"featured_media":0,"comment_status":"open","ping_status":"open","sticky":false,"template":"","format":"standard","meta":{"footnotes":""},"categories":[2],"tags":[],"class_list":["post-1495","post","type-post","status-publish","format-standard","hentry","category-breve","odd"],"_links":{"self":[{"href":"https:\/\/cis-h.fr\/AGRAF\/wp-json\/wp\/v2\/posts\/1495","targetHints":{"allow":["GET"]}}],"collection":[{"href":"https:\/\/cis-h.fr\/AGRAF\/wp-json\/wp\/v2\/posts"}],"about":[{"href":"https:\/\/cis-h.fr\/AGRAF\/wp-json\/wp\/v2\/types\/post"}],"author":[{"embeddable":true,"href":"https:\/\/cis-h.fr\/AGRAF\/wp-json\/wp\/v2\/users\/2"}],"replies":[{"embeddable":true,"href":"https:\/\/cis-h.fr\/AGRAF\/wp-json\/wp\/v2\/comments?post=1495"}],"version-history":[{"count":0,"href":"https:\/\/cis-h.fr\/AGRAF\/wp-json\/wp\/v2\/posts\/1495\/revisions"}],"wp:attachment":[{"href":"https:\/\/cis-h.fr\/AGRAF\/wp-json\/wp\/v2\/media?parent=1495"}],"wp:term":[{"taxonomy":"category","embeddable":true,"href":"https:\/\/cis-h.fr\/AGRAF\/wp-json\/wp\/v2\/categories?post=1495"},{"taxonomy":"post_tag","embeddable":true,"href":"https:\/\/cis-h.fr\/AGRAF\/wp-json\/wp\/v2\/tags?post=1495"}],"curies":[{"name":"wp","href":"https:\/\/api.w.org\/{rel}","templated":true}]}}