{"id":1496,"date":"2012-10-26T16:21:02","date_gmt":"2012-10-26T15:21:02","guid":{"rendered":"http:\/\/revue.autoformation.chez.com\/?p=1383"},"modified":"2012-10-26T16:21:02","modified_gmt":"2012-10-26T15:21:02","slug":"formel-vs-informel-revue-interstice-n2-lharmattan-2012","status":"publish","type":"post","link":"https:\/\/cis-h.fr\/AGRAF\/2012\/10\/26\/formel-vs-informel-revue-interstice-n2-lharmattan-2012\/","title":{"rendered":"Formel vs Informel, Revue Interstice, N\u00b02, L&rsquo;Harmattan, 2012"},"content":{"rendered":"<h4>Revue semestrielle<\/h4>\n<p><strong>Directeur de la publication<\/strong><br \/>\nM. Melyani, A. Tenkou, Ch. Tazi Cherti<\/p>\n<p>\u00ab\u00a0En reprenant les apports de Bachelard voyant la rencontre comme une \u00ab <em>synth\u00e8se de l\u2019\u00e9v\u00e9nement et de l\u2019\u00e9ternit\u00e9<\/em> \u00bb (1969, p. 9), <strong>la rencontre peut \u00eatre vue comme un moment formateur<\/strong> de culture historique. Il ne faut pas id\u00e9aliser ce moment. Il y a de  bonnes et mauvaises rencontres, plus ou moins formatrices,  d\u00e9formatrices, transformatrices\u2026. Mais il ne faut pas les sous-\u00e9valuer.  Il se passe quelque chose. <strong>Chaque rencontre est une secousse temporelle grosse d\u2019un potentiel d\u2019avenir<\/strong>. Saisir cette occasion, ce <em>Kairos<\/em> autant qu\u2019\u00eatre saisi par elle et par lui fait partie des comp\u00e9tences  temporelles \u00e0 acqu\u00e9rir pour construire son histoire \u00e0 travers le cours  biologique chronologique de la vie et de la formation des mondes.<br \/>\n<strong>Cette formation de mondes \u2013 du sien et des autres<\/strong> \u2013 exige donc au moins un double ouverture \u00e0 chacun avec au moins deux  logiques \u00e0 faire dialoguer \u00e0 diff\u00e9rents niveaux : micro et macro, local  et global, court et long terme, individuel et pluriel, interne et  externe. Il n\u2019est pas \u00e9tonnant que la complexit\u00e9 de ce fonctionnement \u00ab  mondialogique \u00bb en double piste <strong>ouvre un champ d\u2019apprentissage radicalement nouveau<\/strong>, <strong>multiforme et co-extensif \u00e0 tous les \u00e2ges et secteurs de la vie<\/strong>.<strong>\u00ab\u00a0<\/strong><\/p>\n<h4>Sommaire<\/h4>\n<p><strong>Dossier. Formel vs Informel<\/strong> ______________________________ 7<br \/>\nPr\u00e9sentation du num\u00e9ro __________________________________________ 9<br \/>\n<strong>Notes de recherche<\/strong> _____________________________________ 11<br \/>\nPoisson Muriel, <em>Articulation entre formel, non formel et informel : des ponts<\/em><br \/>\n<em>\u00e0 construire<\/em> ___________________________________________________ 13<br \/>\nEl Bouazzaoui Habiba, <em>\u00c9ducation non formelle : Quelles formes ? Quelles<\/em><br \/>\n<em>articulations avec le formel ?<\/em> _____________________________________ 29<br \/>\nAmar Mohammed,<em> Alphab\u00e9tisation et \u00e9ducation non formelle au Maroc:<\/em><br \/>\n<em>quels r\u00f4les pour la soci\u00e9t\u00e9 civile ?<\/em> __________________________________ 39<br \/>\nDahmani Hassen, Abderrahmane Benkhalifa, <em>Analyse d\u2019un d\u00e9bat entre<\/em><br \/>\n<em>Agriculteurs<\/em> ___________________________________________________ 57<br \/>\nPoisson Muriel, Hallak Jacques, \u00ab Education non formelle \u00bb dans<em> l\u2019agenda<\/em><br \/>\n<em>international de d\u00e9veloppement de l\u2019\u00e9ducation<\/em> _____________________63<br \/>\n<strong>D\u00e9bats et essais critiques<\/strong> _________________________________ 77<br \/>\nMarouf Nadir, <em>Le d\u00e9sert pourquoi faire ?<\/em> ___________________________ 79<br \/>\nBr\u00e9maud Lo\u00efc, <em>Mod\u00e8les de soci\u00e9t\u00e9s, formation formelle et informelle : entre<\/em><br \/>\n<em>juxtaposition et articulation<\/em>_______________________________________ 95<br \/>\nBreton Herv\u00e9, <em>Anthropoformation et trajet d\u2019acculturation occident\/orient<\/em> 107<br \/>\n<strong>M\u00e9moire, partage et transmission(s)<\/strong> ______________________ 117<br \/>\nGalvani Pascal, <em>L\u2019art du voyage comme voie de formation<\/em> _____________ 119<br \/>\nMonbaron Jacqueline, <em>Le voyage d&rsquo;\u00e9tudes en tant qu&rsquo;exp\u00e9rience<\/em><br \/>\n<em>interculturelle formatrice<\/em>________________________________________ 135<br \/>\nBouvier B\u00e9atrice, <em>Quel usage les enseignants de Fle font-ils de leurs<\/em><br \/>\n<em>connaissances sur les cultures \u00e9trang\u00e8res ?<\/em> _________________________ 149<br \/>\nBerteaux Patrick, <em>L\u2019influence des croyances sur le d\u00e9veloppement et le<\/em><br \/>\n<em>fonctionnement cognitifs<\/em> ________________________________________ 159<br \/>\nBarbara Augustin, <em>L\u2019auto-construction de l\u2019enfant de parents analphab\u00e8tes <\/em>_ 173<br \/>\n<strong>Directives de publication <\/strong>_____________________________________ 179<\/p>\n<ul>\n<li>INTERSTICES N\u00b01<br \/>\nL&rsquo;\u00e9tranger culturel<a href=\"http:\/\/lllearning.free-h.net\/wp-admin\/index.asp?navig=catalogue&amp;obj=revue&amp;no=884\" target=\"_blank\" rel=\"noopener\"><br \/>\n<\/a><a href=\"http:\/\/www.editions-harmattan.fr\/index.asp?navig=catalogue&amp;obj=numero&amp;no_revue=884&amp;no=37335\" target=\"_blank\" rel=\"noopener\">Interstices<\/a> n\u00b01, 212<\/li>\n<\/ul>\n<ul>\n<li>INTERSTICES  N\u00b02<br \/>\nFormel vs informel<a href=\"http:\/\/lllearning.free-h.net\/wp-admin\/index.asp?navig=catalogue&amp;obj=revue&amp;no=884\"><br \/>\n<\/a><a href=\"http:\/\/www.harmattan.fr\/index.asp?navig=catalogue&amp;obj=numero&amp;no_revue=884&amp;no=37375\" target=\"_blank\" rel=\"noopener\">Interstices <\/a>n\u00b02, 21012<\/li>\n<\/ul>\n","protected":false},"excerpt":{"rendered":"<p>Revue semestrielle <\/p>\n<p>Directeur de la publication M. Melyani, A. Tenkou, Ch. Tazi Cherti<\/p>\n<p>\u00ab En reprenant les apports de Bachelard voyant la rencontre comme une \u00ab synth\u00e8se de l\u2019\u00e9v\u00e9nement et de l\u2019\u00e9ternit\u00e9 \u00bb (1969, p. 9), la rencontre peut \u00eatre vue comme un moment formateur de culture historique. Il ne faut pas id\u00e9aliser ce moment. [&#8230;]<\/p>\n","protected":false},"author":2,"featured_media":0,"comment_status":"open","ping_status":"open","sticky":false,"template":"","format":"standard","meta":{"footnotes":""},"categories":[7],"tags":[],"class_list":["post-1496","post","type-post","status-publish","format-standard","hentry","category-biblio","odd"],"_links":{"self":[{"href":"https:\/\/cis-h.fr\/AGRAF\/wp-json\/wp\/v2\/posts\/1496","targetHints":{"allow":["GET"]}}],"collection":[{"href":"https:\/\/cis-h.fr\/AGRAF\/wp-json\/wp\/v2\/posts"}],"about":[{"href":"https:\/\/cis-h.fr\/AGRAF\/wp-json\/wp\/v2\/types\/post"}],"author":[{"embeddable":true,"href":"https:\/\/cis-h.fr\/AGRAF\/wp-json\/wp\/v2\/users\/2"}],"replies":[{"embeddable":true,"href":"https:\/\/cis-h.fr\/AGRAF\/wp-json\/wp\/v2\/comments?post=1496"}],"version-history":[{"count":0,"href":"https:\/\/cis-h.fr\/AGRAF\/wp-json\/wp\/v2\/posts\/1496\/revisions"}],"wp:attachment":[{"href":"https:\/\/cis-h.fr\/AGRAF\/wp-json\/wp\/v2\/media?parent=1496"}],"wp:term":[{"taxonomy":"category","embeddable":true,"href":"https:\/\/cis-h.fr\/AGRAF\/wp-json\/wp\/v2\/categories?post=1496"},{"taxonomy":"post_tag","embeddable":true,"href":"https:\/\/cis-h.fr\/AGRAF\/wp-json\/wp\/v2\/tags?post=1496"}],"curies":[{"name":"wp","href":"https:\/\/api.w.org\/{rel}","templated":true}]}}