{"id":1499,"date":"2012-11-17T09:02:55","date_gmt":"2012-11-17T08:02:55","guid":{"rendered":"http:\/\/revue.autoformation.chez.com\/?p=1405"},"modified":"2012-11-17T09:02:55","modified_gmt":"2012-11-17T08:02:55","slug":"seminaires-du-gehfa-sur-la-formation-a-distance","status":"publish","type":"post","link":"https:\/\/cis-h.fr\/AGRAF\/2012\/11\/17\/seminaires-du-gehfa-sur-la-formation-a-distance\/","title":{"rendered":"S\u00e9minaires du Gehfa sur la \u00ab\u00a0Formation \u00e0 distance\u00a0\u00bb"},"content":{"rendered":"<h4>Gehfa (<a href=\"http:\/\/www.gehfa.com\/\" target=\"_blank\" rel=\"noopener\">Groupe d&rsquo;\u00e9tudes &#8211; histoire de la formation des adultes<\/a>)<\/h4>\n<div>\n<p>Les trois prochaines s\u00e9ances du s\u00e9minaire du Gehfa seront consacr\u00e9es \u00e0 l&rsquo;histoire de la formation \u00e0  distance des adultes.<\/p>\n<p>Intitul\u00e9es \u00ab\u00a0La longue histoire inachev\u00e9e de la formation \u00e0 distance\u00a0\u00bb, elles  auront lieu<\/p>\n<\/div>\n<div style=\"text-align: center;\"><strong>les 4 d\u00e9cembre 2012, 5 f\u00e9vrier et 26 mars  2013, de 15h30 \u00e0 17h30, <\/strong><\/div>\n<div style=\"text-align: center;\">\u00e0 l&rsquo;ETSUP, 8 villa du Parc Montsouris, 75014 Paris<br \/>\n(RER Cit\u00e9 Universitaire  ou M\u00b0 Porte d&rsquo;Orl\u00e9ans et\/ou T3, arr\u00eat Montsouris).<\/div>\n<div>\n<p>Trois dimensions de cette histoire seront plus particuli\u00e8rement pr\u00e9sent\u00e9es  :<\/p>\n<ul>\n<li>histoire des technologies de l&rsquo;information et de la communication  utilis\u00e9es dans la FAD (intervenant Jacques Wallet)<\/li>\n<li>histoire des p\u00e9dagogies mises en oeuvre (intervenante Genevi\u00e8ve  Jacquinot)<\/li>\n<li>histoire de deux organismes embl\u00e9matiques de la formation \u00e0 distance, le  Cned en France (avec Jean-Ren\u00e9 Bourrel) et la T\u00e9l\u00e9-Universit\u00e9 du Qu\u00e9bec (avec  Louise Bertrand).<\/li>\n<\/ul>\n<div>Vous trouverez le programme d\u00e9taill\u00e9\u00a0 sur le site  du Gehfa (<a href=\"http:\/\/www.gehfa.com\/\">http:\/\/www.gehfa.com\/<\/a>),  rubrique \u00ab\u00a0S\u00e9minaires et autres \u00e9v\u00e9nements\u00a0\u00bb.<\/div>\n<div style=\"text-align: right;\"><em>Source<\/em> : Viviane Glikman<\/div>\n<\/div>\n","protected":false},"excerpt":{"rendered":"<p>Gehfa (Groupe d&rsquo;\u00e9tudes &#8211; histoire de la formation des adultes) <\/p>\n<p>Les trois prochaines s\u00e9ances du s\u00e9minaire du Gehfa seront consacr\u00e9es \u00e0 l&rsquo;histoire de la formation \u00e0 distance des adultes.<\/p>\n<p>Intitul\u00e9es \u00ab La longue histoire inachev\u00e9e de la formation \u00e0 distance \u00bb, elles auront lieu<\/p>\n<p> les 4 d\u00e9cembre 2012, 5 f\u00e9vrier et 26 mars 2013, de [&#8230;]<\/p>\n","protected":false},"author":2,"featured_media":0,"comment_status":"open","ping_status":"open","sticky":false,"template":"","format":"standard","meta":{"footnotes":""},"categories":[4],"tags":[],"class_list":["post-1499","post","type-post","status-publish","format-standard","hentry","category-evenements","odd"],"_links":{"self":[{"href":"https:\/\/cis-h.fr\/AGRAF\/wp-json\/wp\/v2\/posts\/1499","targetHints":{"allow":["GET"]}}],"collection":[{"href":"https:\/\/cis-h.fr\/AGRAF\/wp-json\/wp\/v2\/posts"}],"about":[{"href":"https:\/\/cis-h.fr\/AGRAF\/wp-json\/wp\/v2\/types\/post"}],"author":[{"embeddable":true,"href":"https:\/\/cis-h.fr\/AGRAF\/wp-json\/wp\/v2\/users\/2"}],"replies":[{"embeddable":true,"href":"https:\/\/cis-h.fr\/AGRAF\/wp-json\/wp\/v2\/comments?post=1499"}],"version-history":[{"count":0,"href":"https:\/\/cis-h.fr\/AGRAF\/wp-json\/wp\/v2\/posts\/1499\/revisions"}],"wp:attachment":[{"href":"https:\/\/cis-h.fr\/AGRAF\/wp-json\/wp\/v2\/media?parent=1499"}],"wp:term":[{"taxonomy":"category","embeddable":true,"href":"https:\/\/cis-h.fr\/AGRAF\/wp-json\/wp\/v2\/categories?post=1499"},{"taxonomy":"post_tag","embeddable":true,"href":"https:\/\/cis-h.fr\/AGRAF\/wp-json\/wp\/v2\/tags?post=1499"}],"curies":[{"name":"wp","href":"https:\/\/api.w.org\/{rel}","templated":true}]}}