{"id":1506,"date":"2012-12-05T17:54:57","date_gmt":"2012-12-05T16:54:57","guid":{"rendered":"http:\/\/revue.autoformation.chez.com\/?p=1450"},"modified":"2012-12-05T17:54:57","modified_gmt":"2012-12-05T16:54:57","slug":"aux-marges-des-guerres-et-des-conflits","status":"publish","type":"post","link":"https:\/\/cis-h.fr\/AGRAF\/2012\/12\/05\/aux-marges-des-guerres-et-des-conflits\/","title":{"rendered":"Aux marges des guerres et des conflits"},"content":{"rendered":"<p>Les voyages ne concernent pas  que les oasis de paix\u2026 ceux qui nous sont encore permis par l\u2019absence de  conflits violents et de guerres. Il ne faudrait pas que cette vision de  relations pacifi\u00e9es et de m\u0153urs r\u00e9gul\u00e9s jouent comme un miroir d\u00e9formant de la  r\u00e9alit\u00e9 de notre monde : ces oasis sont entour\u00e9s de grandes aires g\u00e9ographiques  o\u00f9 la guerre et les conflits sont le quotidien de centaines de millions  d\u2019hommes.<\/p>\n<p>Que veut dire, alors, voyager  dans ces contextes ? Qu\u2019y apprend-on et comment ? La contribution jointe fait  part de ces apprentissages aux fronti\u00e8res de la paix et de la  guerre.<\/p>\n<p><a href=\"http:\/\/lllearning.free-h.net\/GRAF\/wp-content\/uploads\/2012\/12\/Vopages_AM.pdf\" target=\"_blank\" rel=\"noopener\">Voyages_AM<\/a><\/p>\n<p style=\"text-align: right;\"><strong><em>Andr\u00e9 Moisan<\/em><\/strong><\/p>\n","protected":false},"excerpt":{"rendered":"<p>Les voyages ne concernent pas que les oasis de paix\u2026 ceux qui nous sont encore permis par l\u2019absence de conflits violents et de guerres. Il ne faudrait pas que cette vision de relations pacifi\u00e9es et de m\u0153urs r\u00e9gul\u00e9s jouent comme un miroir d\u00e9formant de la r\u00e9alit\u00e9 de notre monde : ces oasis sont entour\u00e9s de [&#8230;]<\/p>\n","protected":false},"author":2,"featured_media":0,"comment_status":"open","ping_status":"open","sticky":false,"template":"","format":"standard","meta":{"footnotes":""},"categories":[3],"tags":[],"class_list":["post-1506","post","type-post","status-publish","format-standard","hentry","category-documents","odd"],"_links":{"self":[{"href":"https:\/\/cis-h.fr\/AGRAF\/wp-json\/wp\/v2\/posts\/1506","targetHints":{"allow":["GET"]}}],"collection":[{"href":"https:\/\/cis-h.fr\/AGRAF\/wp-json\/wp\/v2\/posts"}],"about":[{"href":"https:\/\/cis-h.fr\/AGRAF\/wp-json\/wp\/v2\/types\/post"}],"author":[{"embeddable":true,"href":"https:\/\/cis-h.fr\/AGRAF\/wp-json\/wp\/v2\/users\/2"}],"replies":[{"embeddable":true,"href":"https:\/\/cis-h.fr\/AGRAF\/wp-json\/wp\/v2\/comments?post=1506"}],"version-history":[{"count":0,"href":"https:\/\/cis-h.fr\/AGRAF\/wp-json\/wp\/v2\/posts\/1506\/revisions"}],"wp:attachment":[{"href":"https:\/\/cis-h.fr\/AGRAF\/wp-json\/wp\/v2\/media?parent=1506"}],"wp:term":[{"taxonomy":"category","embeddable":true,"href":"https:\/\/cis-h.fr\/AGRAF\/wp-json\/wp\/v2\/categories?post=1506"},{"taxonomy":"post_tag","embeddable":true,"href":"https:\/\/cis-h.fr\/AGRAF\/wp-json\/wp\/v2\/tags?post=1506"}],"curies":[{"name":"wp","href":"https:\/\/api.w.org\/{rel}","templated":true}]}}