{"id":1585,"date":"2013-02-26T08:08:24","date_gmt":"2013-02-26T08:08:24","guid":{"rendered":"http:\/\/lllearning.free-h.net\/GRAF\/?p=1585"},"modified":"2013-02-26T08:08:24","modified_gmt":"2013-02-26T08:08:24","slug":"luniversite-populaire-quart-monde","status":"publish","type":"post","link":"https:\/\/cis-h.fr\/AGRAF\/2013\/02\/26\/luniversite-populaire-quart-monde\/","title":{"rendered":"L&rsquo;Universit\u00e9 populaire Quart-monde"},"content":{"rendered":"<h4>La construction du savoir \u00e9mancipatoire<\/h4>\n<p><strong>Genevi\u00e8ve Defraigne Tardieu. Presses universitaires de Paris Ouest, 2012<\/strong><\/p>\n<p>\u00ab\u00a0Le titre de l\u2019ouvrage (publication issue d\u2019une th\u00e8se de doctorat soutenue sous la direction de Ren\u00e9 Barbier, prix de th\u00e8se Ren\u00e9 R\u00e9mond, 2011) met d\u2019embl\u00e9e en question l\u2019affirmation, g\u00e9n\u00e9ralement consid\u00e9r\u00e9e comme \u00e9vidente, selon laquelle le savoir serait par nature \u00e9mancipatoire. Les personnes connaissant la grande pauvret\u00e9 tiennent la place centrale de l\u2019Universit\u00e9 populaire Quart Monde. \u00abTant que le pauvre n\u2019est pas \u00e9cout\u00e9, que les responsables de l\u2019organisation de la cit\u00e9 ne s\u2019instruisent pas de lui et de son monde, les mesures prises pour lui ne seront que des gestes par \u00e0-coups, r\u00e9pondant \u00e0 des exigences superficielles et d\u2019opportunit\u00e9\u00bb (Wresinski J., cit\u00e9 p. 20). La r\u00e9flexion et les apports th\u00e9oriques de Wresinski \u00e9mergent de la vie partag\u00e9e et de la r\u00e9flexion avec des personnes tr\u00e8s d\u00e9munies et des actions conduites avec elles au sein du Mouvement international ATD Quart Monde. Fond\u00e9e en 1972, l\u2019Universit\u00e9 populaire Quart Monde est l\u2019une de ces actions. Elle est actuellement active dans neuf r\u00e9gions fran\u00e7aises, en Belgique, en Suisse, aux Pays-Bas, en Espagne et au Canada, ainsi que sous des formes diff\u00e9rentes, mais proches, en Grande-Bretagne, en Allemagne, au Guatemala, au P\u00e9rou, en Mexique, en Bolivie, aux Philippines, au Burkina Faso et au S\u00e9n\u00e9gal, et elle le sera bient\u00f4t au Luxembourg et en Pologne.\u00a0\u00bb <a href=\"http:\/\/recma.org\/node\/3228\" target=\"_blank\" rel=\"noopener\"><em>Lire la suite<\/em><\/a><\/p>\n<p style=\"text-align: right;\"><em>Source<\/em> : <a href=\"http:\/\/recma.org\/node\/3228\" target=\"_blank\" rel=\"noopener\">Revue internationale de l&rsquo;\u00e9conomie sociale<\/a> (RECMA) N\u00b0327<\/p>\n<p style=\"text-align: left;\">\u00ab\u00a0Cet ouvrage \u00e9tudie comment la transformation des rapports sociaux entre des  citoyens de tous milieux conduit \u00e0 la production de nouveaux savoirs et \u00e0  l\u2019\u00e9mancipation des uns comme des autres.<br \/>\nPour mener \u00e0 bien cette recherche,  l&rsquo;auteure a fait appel aux travaux de praticiens de l&rsquo;\u00e9mancipation (Freire,  Alinsky, Dolci&#8230;). Elle a analys\u00e9 l&rsquo;histoire et la pratique de l&rsquo;Universit\u00e9  populaire Quart Monde, en associant des membres vivant dans la pauvret\u00e9 dans un  processus de r\u00e9flexion individuel et collectif.<\/p>\n<p>\u00ab Moi, les Universit\u00e9s  populaires m\u2019ont vraiment transform\u00e9e. \u00c7a a \u00e9t\u00e9 une lib\u00e9ration pour moi, de ne  rien prendre \u00e0 la l\u00e9g\u00e8re. Je cherche toujours la r\u00e9ponse maintenant. Tout a une  explication\u2026 Je cherche \u00e0 savoir la raison du pourquoi. \u00bb<br \/>\nUn membre de  l\u2019Universit\u00e9 populaire Quart Monde, participant \u00e0 la recherche. \u00a0\u00bb<\/p>\n<p style=\"text-align: right;\"><em>Source<\/em>: Universit\u00e9 Quart Mondes<a href=\"http:\/\/www.editionsquartmonde.org\" target=\"_blank\" rel=\"noopener\"> www.editionsquartmonde.org<\/a><\/p>\n<h4 style=\"text-align: left;\">Ce livre sera pr\u00e9sent\u00e9 par H\u00e9l\u00e8ne B\u00e9zille en pr\u00e9sence de l&rsquo;auteure lors du prochain forum \u00ab\u00a0<a href=\"http:\/\/www.sortiraparis.com\/enfant-famille\/articles\/59937-agir-contre-la-misere-a-la-cite-des-sciences\" target=\"_blank\" rel=\"noopener\">Agir contre la pauvret\u00e9\u00a0\u00bb<\/a> \u00e0 la Cit\u00e9 des sciences, le 1er mars 2013 \u00e0 17h30. Il y aura \u00e9galement la pr\u00e9sentation d&rsquo; un tr\u00e8s beau film sur l&rsquo;Universit\u00e9  populaire Quart Monde europ\u00e9enne avec la r\u00e9alisatrice le 1er mars \u00e9galement \u00e0  16h30<\/h4>\n","protected":false},"excerpt":{"rendered":"<p>La construction du savoir \u00e9mancipatoire <\/p>\n<p>Genevi\u00e8ve Defraigne Tardieu. Presses universitaires de Paris Ouest, 2012<\/p>\n<p>\u00ab Le titre de l\u2019ouvrage (publication issue d\u2019une th\u00e8se de doctorat soutenue sous la direction de Ren\u00e9 Barbier, prix de th\u00e8se Ren\u00e9 R\u00e9mond, 2011) met d\u2019embl\u00e9e en question l\u2019affirmation, g\u00e9n\u00e9ralement consid\u00e9r\u00e9e comme \u00e9vidente, selon laquelle le savoir serait par nature \u00e9mancipatoire. [&#8230;]<\/p>\n","protected":false},"author":3,"featured_media":0,"comment_status":"open","ping_status":"open","sticky":false,"template":"","format":"standard","meta":{"footnotes":""},"categories":[7,4],"tags":[],"class_list":["post-1585","post","type-post","status-publish","format-standard","hentry","category-biblio","category-evenements","odd"],"_links":{"self":[{"href":"https:\/\/cis-h.fr\/AGRAF\/wp-json\/wp\/v2\/posts\/1585","targetHints":{"allow":["GET"]}}],"collection":[{"href":"https:\/\/cis-h.fr\/AGRAF\/wp-json\/wp\/v2\/posts"}],"about":[{"href":"https:\/\/cis-h.fr\/AGRAF\/wp-json\/wp\/v2\/types\/post"}],"author":[{"embeddable":true,"href":"https:\/\/cis-h.fr\/AGRAF\/wp-json\/wp\/v2\/users\/3"}],"replies":[{"embeddable":true,"href":"https:\/\/cis-h.fr\/AGRAF\/wp-json\/wp\/v2\/comments?post=1585"}],"version-history":[{"count":0,"href":"https:\/\/cis-h.fr\/AGRAF\/wp-json\/wp\/v2\/posts\/1585\/revisions"}],"wp:attachment":[{"href":"https:\/\/cis-h.fr\/AGRAF\/wp-json\/wp\/v2\/media?parent=1585"}],"wp:term":[{"taxonomy":"category","embeddable":true,"href":"https:\/\/cis-h.fr\/AGRAF\/wp-json\/wp\/v2\/categories?post=1585"},{"taxonomy":"post_tag","embeddable":true,"href":"https:\/\/cis-h.fr\/AGRAF\/wp-json\/wp\/v2\/tags?post=1585"}],"curies":[{"name":"wp","href":"https:\/\/api.w.org\/{rel}","templated":true}]}}