{"id":1588,"date":"2013-02-26T17:08:00","date_gmt":"2013-02-26T17:08:00","guid":{"rendered":"http:\/\/lllearning.free-h.net\/GRAF\/?p=1588"},"modified":"2013-02-26T17:08:00","modified_gmt":"2013-02-26T17:08:00","slug":"une-histoire-critique-de-la-psychosociologie-clinique-francaise","status":"publish","type":"post","link":"https:\/\/cis-h.fr\/AGRAF\/2013\/02\/26\/une-histoire-critique-de-la-psychosociologie-clinique-francaise\/","title":{"rendered":"Une histoire critique de la psychosociologie clinique fran\u00e7aise"},"content":{"rendered":"<h4>Par Ren\u00e9 Barbier<\/h4>\n<p><strong>En f\u00e9vrier le Centre international de recherche, formation et intervention psychosociologiques (CIRFIP) a c\u00e9l\u00e9br\u00e9 son 20e anniversaire. Ce fut l&rsquo;occasion d&rsquo;une table ronde pour faire le point sur l&rsquo;histoire de la psychosociologie &#8211; surtout clinique &#8211; fran\u00e7aise. \u00c9videmment, ces expos\u00e9s ont refl\u00e9t\u00e9 l&rsquo;orientation et les partis-pris du centre en question. Organis\u00e9e dans un autre lieu, la rencontre aurait certainement pris une autre inclination. C&rsquo;est normal et il n&rsquo;y a rien l\u00e0 d&rsquo;offusquant. Il s&rsquo;agit d&rsquo;implication, un concept cl\u00e9 de la psychosociologie clinique.<\/strong><\/p>\n<p><strong>Comme je ne suis gu\u00e8re inf\u00e9od\u00e9 \u00e0 un quelconque courant en sciences humaines, j&rsquo;ai \u00e9cout\u00e9 avec bienveillance, mais aussi avec un esprit critique attentif, les expos\u00e9s qui ont \u00e9t\u00e9 prononc\u00e9s par plusieurs intervenants dont certains sont des amis de longue date.<\/p>\n<p>Je donne ici mon point de vue, en soulignant l&rsquo;importance \u00e0 mes yeux de la psychosociologie clinique fran\u00e7aise dans notre soci\u00e9t\u00e9 post-moderne, sans oublier les lacunes qui me paraissent transpara\u00eetre \u00e0 l&rsquo;heure actuelle.<\/p>\n<p><a href=\"http:\/\/www.barbier-rd.nom.fr\/journal\/article.php3?id_article=1693\" target=\"_blank\" rel=\"noopener\">L&rsquo;article complet<\/a>, 25 f\u00e9vrier 2013<\/p>\n<p>&nbsp;<\/p>\n<p><\/strong><\/p>\n<p><strong> <\/strong><\/p>\n","protected":false},"excerpt":{"rendered":"<p>Par Ren\u00e9 Barbier <\/p>\n<p>En f\u00e9vrier le Centre international de recherche, formation et intervention psychosociologiques (CIRFIP) a c\u00e9l\u00e9br\u00e9 son 20e anniversaire. Ce fut l&rsquo;occasion d&rsquo;une table ronde pour faire le point sur l&rsquo;histoire de la psychosociologie &#8211; surtout clinique &#8211; fran\u00e7aise. \u00c9videmment, ces expos\u00e9s ont refl\u00e9t\u00e9 l&rsquo;orientation et les partis-pris du centre en question. Organis\u00e9e dans [&#8230;]<\/p>\n","protected":false},"author":3,"featured_media":0,"comment_status":"open","ping_status":"open","sticky":false,"template":"","format":"standard","meta":{"footnotes":""},"categories":[3],"tags":[],"class_list":["post-1588","post","type-post","status-publish","format-standard","hentry","category-documents","odd"],"_links":{"self":[{"href":"https:\/\/cis-h.fr\/AGRAF\/wp-json\/wp\/v2\/posts\/1588","targetHints":{"allow":["GET"]}}],"collection":[{"href":"https:\/\/cis-h.fr\/AGRAF\/wp-json\/wp\/v2\/posts"}],"about":[{"href":"https:\/\/cis-h.fr\/AGRAF\/wp-json\/wp\/v2\/types\/post"}],"author":[{"embeddable":true,"href":"https:\/\/cis-h.fr\/AGRAF\/wp-json\/wp\/v2\/users\/3"}],"replies":[{"embeddable":true,"href":"https:\/\/cis-h.fr\/AGRAF\/wp-json\/wp\/v2\/comments?post=1588"}],"version-history":[{"count":0,"href":"https:\/\/cis-h.fr\/AGRAF\/wp-json\/wp\/v2\/posts\/1588\/revisions"}],"wp:attachment":[{"href":"https:\/\/cis-h.fr\/AGRAF\/wp-json\/wp\/v2\/media?parent=1588"}],"wp:term":[{"taxonomy":"category","embeddable":true,"href":"https:\/\/cis-h.fr\/AGRAF\/wp-json\/wp\/v2\/categories?post=1588"},{"taxonomy":"post_tag","embeddable":true,"href":"https:\/\/cis-h.fr\/AGRAF\/wp-json\/wp\/v2\/tags?post=1588"}],"curies":[{"name":"wp","href":"https:\/\/api.w.org\/{rel}","templated":true}]}}