{"id":1603,"date":"2013-03-10T17:09:04","date_gmt":"2013-03-10T17:09:04","guid":{"rendered":"http:\/\/lllearning.free-h.net\/GRAF\/?p=1603"},"modified":"2013-03-10T17:09:04","modified_gmt":"2013-03-10T17:09:04","slug":"decouvert-de-la-demarche-des-histoires-de-vie","status":"publish","type":"post","link":"https:\/\/cis-h.fr\/AGRAF\/2013\/03\/10\/decouvert-de-la-demarche-des-histoires-de-vie\/","title":{"rendered":"D\u00e9couvert de la d\u00e9marche des histoires de vie"},"content":{"rendered":"<h4><strong>PARIS, 23 Mars 2013\u00a0: JOURNEE \u00ab\u00a0DECOUVERTE\u00a0\u00bb<\/strong><\/h4>\n<p><strong> <\/strong><\/p>\n<h3>Intervenante\u00a0 Odile DESCAMPS<\/h3>\n<h3>DE QUOI S\u2019AGIT-IL\u00a0?<\/h3>\n<p>Il s\u2019agit d\u2019une br\u00e8ve initiation, \u00a0qui n\u2019exige <strong>aucune formation pr\u00e9alable,<\/strong> propos\u00e9e \u00e0 <strong>toute personne<\/strong> d\u00e9sireuse de comprendre ce qu\u2019on entend par : \u00ab\u00a0histoire de vie\u00a0\u00bb, \u00ab\u00a0r\u00e9cit de vie\u00a0\u00bb ou \u00ab\u00a0r\u00e9cit de pratique\u00a0\u00bb. A l\u2019issue de la journ\u00e9e, les participants peuvent mieux percevoir\u00a0:<\/p>\n<p>&#8211;\u00a0\u00a0\u00a0\u00a0\u00a0\u00a0 Les <strong>diff\u00e9rentes facettes<\/strong> des histoires de vie\u00a0:\u00a0histoire de soi, d\u2019une famille, d\u2019un proche.\u00a0Histoire d\u2019une collectivit\u00e9. Adaptabilit\u00e9 de la m\u00e9thode \u2026<\/p>\n<p>&#8211;\u00a0\u00a0\u00a0\u00a0\u00a0\u00a0 La <strong>dynamique<\/strong> qu\u2019elles peuvent engendrer\u00a0: \u00ab\u00a0Que puis-je apprendre de mon histoire qui me permette de mieux vivre aujourd\u2019hui et d\u2019envisager demain\u00a0? Quels sont les acquis de mes exp\u00e9riences \u2013 m\u00eame courtes- une fois replac\u00e9es dans leurs contextes\u00a0?\u00a0\u00bb.<\/p>\n<p>&#8211;\u00a0\u00a0\u00a0\u00a0\u00a0\u00a0 Les <strong>enjeux <\/strong>en cause, les conditions \u00e0 respecter, l\u2019\u00e9thique des Histoires de vie.<\/p>\n<h3>Comment se d\u00e9roule un atelier\u00a0?<\/h3>\n<p>Le nombre de participant est limit\u00e9. Des moments <strong>d\u2019apport de connaissances<\/strong> sur la d\u00e9marche seront entrecoup\u00e9s <strong>d\u2019exercices pratiques<\/strong> visant \u00e0 faire, par soi-m\u00eame, l\u2019exp\u00e9rience du d\u00e9but du processus. Des documents seront fournis.<\/p>\n<p>&nbsp;<\/p>\n<h4><em>Pour davantage d\u2019informations <a href=\"mailto:o.descamps0@laposte.net\"><\/a><\/em><a href=\"mailto:o.descamps0@laposte.net\">o.descamps0@laposte.net<\/a><\/h4>\n<p><em> <\/em><\/p>\n<p><strong>DUREE <\/strong>:\u00a0\u00a0\u00a0 10h00 \u00e0 16h00\u00a0\u00a0 (repas tir\u00e9 du sac)<\/p>\n<p><strong>COUT<\/strong> adh\u00e9sion 2013 \u00e0 Traces d\u2019Avenir\u00a0: 25\u20ac et participation aux frais.<\/p>\n<p><strong>LIEU\u00a0: <\/strong> 22 rue du Moulin des Lapins (place de la Garenne) 75014 PARIS\u00a0\u00a0\u00a0\u00a0\u00a0\u00a0\u00a0\u00a0\u00a0\u00a0\u00a0\u00a0\u00a0\u00a0\u00a0\u00a0\u00a0\u00a0\u00a0\u00a0\u00a0\u00a0\u00a0\u00a0\u00a0\u00a0\u00a0\u00a0\u00a0\u00a0\u00a0\u00a0\u00a0\u00a0\u00a0\u00a0\u00a0\u00a0\u00a0\u00a0\u00a0\u00a0\u00a0\u00a0\u00a0\u00a0\u00a0\u00a0\u00a0\u00a0\u00a0\u00a0\u00a0\u00a0\u00a0\u00a0\u00a0\u00a0\u00a0\u00a0\u00a0\u00a0\u00a0\u00a0\u00a0\u00a0\u00a0\u00a0\u00a0\u00a0\u00a0\u00a0\u00a0\u00a0\u00a0\u00a0\u00a0\u00a0\u00a0\u00a0\u00a0\u00a0\u00a0\u00a0\u00a0\u00a0\u00a0\u00a0\u00a0\u00a0\u00a0\u00a0\u00a0\u00a0\u00a0\u00a0\u00a0\u00a0\u00a0\u00a0\u00a0\u00a0\u00a0 M\u00e9tro Pernety. (Un plan sera envoy\u00e9 aux inscrits).<\/p>\n<p>___________________________________________________________________________________<\/p>\n<p><strong>BULLETIN D\u2019INSCRIPTION \u00e0 renvoyer avant le 19 mars \u00e0 Traces d\u2019avenir (places limit\u00e9es)<\/strong><\/p>\n<p><strong> <\/strong><\/p>\n<p>NOM\u00a0:\u00a0\u00a0\u00a0\u00a0\u00a0\u00a0\u00a0\u00a0\u00a0\u00a0\u00a0\u00a0\u00a0\u00a0\u00a0\u00a0\u00a0\u00a0\u00a0\u00a0\u00a0\u00a0\u00a0\u00a0\u00a0\u00a0\u00a0\u00a0\u00a0\u00a0\u00a0\u00a0\u00a0\u00a0\u00a0\u00a0\u00a0\u00a0\u00a0\u00a0\u00a0\u00a0\u00a0\u00a0\u00a0\u00a0\u00a0\u00a0\u00a0\u00a0\u00a0\u00a0\u00a0\u00a0\u00a0\u00a0\u00a0\u00a0\u00a0\u00a0\u00a0\u00a0\u00a0\u00a0\u00a0\u00a0\u00a0\u00a0\u00a0\u00a0\u00a0\u00a0\u00a0\u00a0\u00a0\u00a0\u00a0\u00a0\u00a0\u00a0\u00a0\u00a0\u00a0\u00a0\u00a0\u00a0\u00a0\u00a0\u00a0\u00a0\u00a0\u00a0\u00a0\u00a0\u00a0\u00a0\u00a0\u00a0\u00a0\u00a0\u00a0\u00a0\u00a0\u00a0\u00a0\u00a0\u00a0\u00a0\u00a0\u00a0\u00a0\u00a0\u00a0 PRENOM\u00a0:<\/p>\n<p>&nbsp;<\/p>\n<p>ADRESSE POSTALE\u00a0:<\/p>\n<p>&nbsp;<\/p>\n<p>TEL\u00a0: \u00a0\u00a0\u00a0\u00a0\u00a0\u00a0\u00a0\u00a0\u00a0\u00a0\u00a0\u00a0\u00a0\u00a0\u00a0\u00a0\u00a0\u00a0\u00a0\u00a0\u00a0\u00a0\u00a0\u00a0\u00a0\u00a0\u00a0\u00a0\u00a0\u00a0\u00a0\u00a0\u00a0\u00a0\u00a0\u00a0\u00a0\u00a0\u00a0\u00a0\u00a0\u00a0\u00a0\u00a0\u00a0\u00a0\u00a0\u00a0\u00a0\u00a0\u00a0\u00a0\u00a0\u00a0\u00a0\u00a0\u00a0\u00a0\u00a0\u00a0\u00a0\u00a0\u00a0\u00a0\u00a0\u00a0\u00a0 ADRESSE COURRIEL\u00a0:<\/p>\n<p>&nbsp;<\/p>\n<p>JE M\u2019INSCRIS A LA JOURNEE DECOUVERTE du samedi\u00a0 23 f\u00e9vrier\u00a0 2013\u00a0:<\/p>\n<p>SIGNATURE\u00a0:<\/p>\n","protected":false},"excerpt":{"rendered":"<p>PARIS, 23 Mars 2013 : JOURNEE \u00ab DECOUVERTE \u00bb <\/p>\n<p> Intervenante Odile DESCAMPS DE QUOI S\u2019AGIT-IL ? <\/p>\n<p>Il s\u2019agit d\u2019une br\u00e8ve initiation, qui n\u2019exige aucune formation pr\u00e9alable, propos\u00e9e \u00e0 toute personne d\u00e9sireuse de comprendre ce qu\u2019on entend par : \u00ab histoire de vie \u00bb, \u00ab r\u00e9cit de vie \u00bb ou \u00ab r\u00e9cit de pratique [&#8230;]<\/p>\n","protected":false},"author":3,"featured_media":0,"comment_status":"open","ping_status":"open","sticky":false,"template":"","format":"standard","meta":{"footnotes":""},"categories":[4],"tags":[],"class_list":["post-1603","post","type-post","status-publish","format-standard","hentry","category-evenements","odd"],"_links":{"self":[{"href":"https:\/\/cis-h.fr\/AGRAF\/wp-json\/wp\/v2\/posts\/1603","targetHints":{"allow":["GET"]}}],"collection":[{"href":"https:\/\/cis-h.fr\/AGRAF\/wp-json\/wp\/v2\/posts"}],"about":[{"href":"https:\/\/cis-h.fr\/AGRAF\/wp-json\/wp\/v2\/types\/post"}],"author":[{"embeddable":true,"href":"https:\/\/cis-h.fr\/AGRAF\/wp-json\/wp\/v2\/users\/3"}],"replies":[{"embeddable":true,"href":"https:\/\/cis-h.fr\/AGRAF\/wp-json\/wp\/v2\/comments?post=1603"}],"version-history":[{"count":0,"href":"https:\/\/cis-h.fr\/AGRAF\/wp-json\/wp\/v2\/posts\/1603\/revisions"}],"wp:attachment":[{"href":"https:\/\/cis-h.fr\/AGRAF\/wp-json\/wp\/v2\/media?parent=1603"}],"wp:term":[{"taxonomy":"category","embeddable":true,"href":"https:\/\/cis-h.fr\/AGRAF\/wp-json\/wp\/v2\/categories?post=1603"},{"taxonomy":"post_tag","embeddable":true,"href":"https:\/\/cis-h.fr\/AGRAF\/wp-json\/wp\/v2\/tags?post=1603"}],"curies":[{"name":"wp","href":"https:\/\/api.w.org\/{rel}","templated":true}]}}