{"id":1628,"date":"2013-06-07T12:03:39","date_gmt":"2013-06-07T12:03:39","guid":{"rendered":"http:\/\/lllearning.free-h.net\/GRAF\/?p=1628"},"modified":"2013-06-07T12:03:39","modified_gmt":"2013-06-07T12:03:39","slug":"histoires-de-nuits-au-cours-de-la-vie-paris-13-juin-2013","status":"publish","type":"post","link":"https:\/\/cis-h.fr\/AGRAF\/2013\/06\/07\/histoires-de-nuits-au-cours-de-la-vie-paris-13-juin-2013\/","title":{"rendered":"Histoires de nuits au cours de la vie -Paris- 13 juin 2013"},"content":{"rendered":"<h4 style=\"text-align: center;\">le Jeudi 13 juin 2013 de 18h30 \u00e0 20h30<\/h4>\n<h4 style=\"text-align: center;\">\u00e0 la Maison des Associations 22 rue Deparcieux, Paris 14\u00b0<br \/>\n(M\u00e9tro Gait\u00e9 ou Denfert )<\/h4>\n<h4 style=\"text-align: center;\">Avec Gaston PINEAU,<\/h4>\n<h4 style=\"text-align: center;\">Histoires de nuits au cours de la vie<\/h4>\n<p>\u00ab Les histoires de vie mettent rarement \u00e0 jour les histoires de  nuits. Or celles-ci y contribuent au moins \u00e0 mi-temps. Contributions  nocturnes pr\u00e9-conscientes, souvent plus proches d\u2019un refoulement  inconscient permanent que de l\u2019amorce d\u2019une prise de conscience in\u00e9dite.  Sortir les histoires de vie de cet entre-deux tensionnel en  clair-obscur, est simplement s\u2019ouvrir \u00e0 la formation permanente de la  vie, rythm\u00e9es quotidiennement et tout au long, par ces deux temps,  diurnes et nocturnes, oppos\u00e9s mais li\u00e9s.<\/p>\n<p>L\u2019ouvrage \u00ab <a href=\"http:\/\/www.editions-harmattan.fr\/index.asp?navig=catalogue&amp;obj=livre&amp;no=38458\" target=\"_blank\" rel=\"noopener\">Histoires de nuits au cours de la vie<\/a> \u00bb (Lani-Bayle, Pineau, Scmutz-Brun, coord., L\u2019Harmattan 2012) vise \u00e0  initier cette ouverture de l\u2019apport des nuits \u00e0 la formation permanente  de cette histoire, rythm\u00e9e structurellement par ces deux temps. \u00bb<\/p>\n<p>Traces d\u2019Avenir vous invite \u00e0 venir d\u00e9battre sur ce th\u00e8me assez peu abord\u00e9 et qui pourtant nous concerne tous.<\/p>\n<h5 style=\"text-align: center;\">Traces d\u2019avenir, Association loi 1901,\u00a0 30 bis, Boulevard Jourdan \u2013 75014 PARIS<\/h5>\n<h5 style=\"text-align: center;\">tracesdavenir@gmail.com<\/h5>\n<h5 style=\"text-align: center;\">N\u00b0 SIRET : 499 503 571 00014 &#8211; D\u00e9claration d\u2019activit\u00e9 : 11 75 42798<\/h5>\n","protected":false},"excerpt":{"rendered":"<p>le Jeudi 13 juin 2013 de 18h30 \u00e0 20h30 \u00e0 la Maison des Associations 22 rue Deparcieux, Paris 14\u00b0 (M\u00e9tro Gait\u00e9 ou Denfert ) Avec Gaston PINEAU, Histoires de nuits au cours de la vie <\/p>\n<p>\u00ab Les histoires de vie mettent rarement \u00e0 jour les histoires de nuits. Or celles-ci y contribuent au moins \u00e0 [&#8230;]<\/p>\n","protected":false},"author":3,"featured_media":0,"comment_status":"open","ping_status":"open","sticky":false,"template":"","format":"standard","meta":{"footnotes":""},"categories":[4],"tags":[],"class_list":["post-1628","post","type-post","status-publish","format-standard","hentry","category-evenements","odd"],"_links":{"self":[{"href":"https:\/\/cis-h.fr\/AGRAF\/wp-json\/wp\/v2\/posts\/1628","targetHints":{"allow":["GET"]}}],"collection":[{"href":"https:\/\/cis-h.fr\/AGRAF\/wp-json\/wp\/v2\/posts"}],"about":[{"href":"https:\/\/cis-h.fr\/AGRAF\/wp-json\/wp\/v2\/types\/post"}],"author":[{"embeddable":true,"href":"https:\/\/cis-h.fr\/AGRAF\/wp-json\/wp\/v2\/users\/3"}],"replies":[{"embeddable":true,"href":"https:\/\/cis-h.fr\/AGRAF\/wp-json\/wp\/v2\/comments?post=1628"}],"version-history":[{"count":0,"href":"https:\/\/cis-h.fr\/AGRAF\/wp-json\/wp\/v2\/posts\/1628\/revisions"}],"wp:attachment":[{"href":"https:\/\/cis-h.fr\/AGRAF\/wp-json\/wp\/v2\/media?parent=1628"}],"wp:term":[{"taxonomy":"category","embeddable":true,"href":"https:\/\/cis-h.fr\/AGRAF\/wp-json\/wp\/v2\/categories?post=1628"},{"taxonomy":"post_tag","embeddable":true,"href":"https:\/\/cis-h.fr\/AGRAF\/wp-json\/wp\/v2\/tags?post=1628"}],"curies":[{"name":"wp","href":"https:\/\/api.w.org\/{rel}","templated":true}]}}