{"id":1639,"date":"2013-09-12T07:10:27","date_gmt":"2013-09-12T07:10:27","guid":{"rendered":"http:\/\/lllearning.free-h.net\/GRAF\/?p=1639"},"modified":"2013-09-12T07:10:27","modified_gmt":"2013-09-12T07:10:27","slug":"ecriture-biographique-et-autoformation","status":"publish","type":"post","link":"https:\/\/cis-h.fr\/AGRAF\/2013\/09\/12\/ecriture-biographique-et-autoformation\/","title":{"rendered":"\u00c9criture biographique et autoformation"},"content":{"rendered":"<h4>Dans le cadre de ses activit\u00e9s, l&rsquo;Association Fractalia propose \u00e0 partir de cette ann\u00e9e un stage r\u00e9sidentiel \u00ab\u00a0\u00c9tude tout au long de la vie\u00a0\u00bb.<\/h4>\n<p>Ce stage est sous la coordination d&rsquo;un professionnel de la formation, Docteur en Sciences de l\u2019\u00c9ducation, alternant des s\u00e9ances en int\u00e9rieur et en ext\u00e9rieur et visant \u00e0 cr\u00e9er\u00a0 les conditions favorables \u00e0 la r\u00e9flexion sur son parcours (professionnel et personnel) \u00e0 travers l&rsquo;\u00e9criture et l&rsquo;\u00e9change.<\/p>\n<p><strong>Quand<\/strong> : l&rsquo;espace de quatre jours pendant les vacances de la Toussaint, du lundi  21 (arriv\u00e9e en d\u00e9but d&rsquo;apr\u00e8s-midi) au vendredi (d\u00e9part en d\u00e9but  d&rsquo;apr\u00e8s-midi) 25 octobre 2013,<\/p>\n<p><strong>O\u00f9<\/strong> : dans un g\u00eete en pleine nature situ\u00e9 dans  les Hautes Alpes, \u00e0 Montmorin &#8211; Lieu-dit Pra Boyer (05150),<\/p>\n<p><strong>Pour en savoir plus<\/strong>, n&rsquo;h\u00e9sitez pas \u00e0 consulter notre site :<br \/>\n<a href=\"http:\/\/www.fractalia.fr\/wakka.php?wiki=Stage\" target=\"_blank\" rel=\"noopener\">http:\/\/www.fractalia.fr\/wakka.php?wiki=Stage<\/a><\/p>\n","protected":false},"excerpt":{"rendered":"<p>Dans le cadre de ses activit\u00e9s, l&rsquo;Association Fractalia propose \u00e0 partir de cette ann\u00e9e un stage r\u00e9sidentiel \u00ab \u00c9tude tout au long de la vie \u00bb. <\/p>\n<p>Ce stage est sous la coordination d&rsquo;un professionnel de la formation, Docteur en Sciences de l\u2019\u00c9ducation, alternant des s\u00e9ances en int\u00e9rieur et en ext\u00e9rieur et visant \u00e0 cr\u00e9er les [&#8230;]<\/p>\n","protected":false},"author":3,"featured_media":0,"comment_status":"open","ping_status":"open","sticky":false,"template":"","format":"standard","meta":{"footnotes":""},"categories":[4],"tags":[],"class_list":["post-1639","post","type-post","status-publish","format-standard","hentry","category-evenements","odd"],"_links":{"self":[{"href":"https:\/\/cis-h.fr\/AGRAF\/wp-json\/wp\/v2\/posts\/1639","targetHints":{"allow":["GET"]}}],"collection":[{"href":"https:\/\/cis-h.fr\/AGRAF\/wp-json\/wp\/v2\/posts"}],"about":[{"href":"https:\/\/cis-h.fr\/AGRAF\/wp-json\/wp\/v2\/types\/post"}],"author":[{"embeddable":true,"href":"https:\/\/cis-h.fr\/AGRAF\/wp-json\/wp\/v2\/users\/3"}],"replies":[{"embeddable":true,"href":"https:\/\/cis-h.fr\/AGRAF\/wp-json\/wp\/v2\/comments?post=1639"}],"version-history":[{"count":0,"href":"https:\/\/cis-h.fr\/AGRAF\/wp-json\/wp\/v2\/posts\/1639\/revisions"}],"wp:attachment":[{"href":"https:\/\/cis-h.fr\/AGRAF\/wp-json\/wp\/v2\/media?parent=1639"}],"wp:term":[{"taxonomy":"category","embeddable":true,"href":"https:\/\/cis-h.fr\/AGRAF\/wp-json\/wp\/v2\/categories?post=1639"},{"taxonomy":"post_tag","embeddable":true,"href":"https:\/\/cis-h.fr\/AGRAF\/wp-json\/wp\/v2\/tags?post=1639"}],"curies":[{"name":"wp","href":"https:\/\/api.w.org\/{rel}","templated":true}]}}