{"id":1643,"date":"2013-09-12T12:35:24","date_gmt":"2013-09-12T12:35:24","guid":{"rendered":"http:\/\/lllearning.free-h.net\/GRAF\/?p=1643"},"modified":"2013-09-12T12:35:24","modified_gmt":"2013-09-12T12:35:24","slug":"luniversite-cooperative-de-paris-fait-sa-rentree-2013","status":"publish","type":"post","link":"https:\/\/cis-h.fr\/AGRAF\/2013\/09\/12\/luniversite-cooperative-de-paris-fait-sa-rentree-2013\/","title":{"rendered":"L\u2019Universit\u00e9 Coop\u00e9rative de Paris fait sa rentr\u00e9e 2013"},"content":{"rendered":"<p>L\u2019Universit\u00e9 Coop\u00e9rative de Paris (UCP), qui a ouvert ses portes en  septembre 2012, est une universit\u00e9 exp\u00e9rimentale fond\u00e9e sur le principe  de coop\u00e9ration.<\/p>\n<p>L\u2019UCP est ouverte \u00e0 tous et ses intervenants sont  b\u00e9n\u00e9voles. Totalement ind\u00e9pendante des universit\u00e9s d\u2019Etat et des  minist\u00e8res, elle se reconna\u00eet dans <strong>les principes d\u2019une \u00e9ducation  populaire renouvel\u00e9e<\/strong> pour le XXIe si\u00e8cle.<\/p>\n<h4>L&rsquo;Universit\u00e9  Coop\u00e9rative de Paris vous ouvre ses portes le 21 septembre 2013 afin de  vous faire d\u00e9couvrir son nouveau programme pr\u00e9vu pour l&rsquo;ann\u00e9e 2013-2014.<\/h4>\n<p>Ainsi,  venez nombreux pour nous rencontrer durant toute une journ\u00e9e et  partager un moment convivial o\u00f9 nous aurons le plaisir de vous pr\u00e9senter  nos diff\u00e9rents axes de programme, leurs s\u00e9ances et nos  week-end-seminaires \u00e0 venir.<\/p>\n<p>Nous vous communiquerons tr\u00e8s  prochainement via ce site web le d\u00e9tail de cette journ\u00e9e \u00ab\u00a0portes  ouvertes\u00a0\u00bb. Elle aura lieu \u00e0 cette adresse :<\/p>\n<p><a href=\"http:\/\/www.peuple-et-culture.org\/\" target=\"_blank\" rel=\"noopener\">Peuple et Culture<\/a>, 108\/110, rue St Maur, 75011 Paris, m\u00e9tro rue St Maur, ligne 3<\/p>\n<p>Sachez \u00e9galement que l&rsquo;UCP sera en charge cette ann\u00e9e de la <strong>9e \u00e9dition du Printemps des universit\u00e9s populaires. <\/strong>(<a href=\"http:\/\/www.ucp-paris.org\/actualites\/article\/8e-printemps-des-universites-populaires-a-bordeaux\/\" target=\"_blank\" rel=\"noopener\">voir la 8e \u00e9dition<\/a>)<\/p>\n<p>A tr\u00e8s bient\u00f4t,<\/p>\n<p>Bonne rentr\u00e9e \u00e0 tous,<\/p>\n<p>L&rsquo;\u00e9quipe de l&rsquo;UCP<\/p>\n<p><a href=\"http:\/\/www.ucp-paris.org\/\" target=\"_blank\" rel=\"noopener\"><strong> http:\/\/www.ucp-paris.org\/<\/strong><\/a><\/p>\n","protected":false},"excerpt":{"rendered":"<p>L\u2019Universit\u00e9 Coop\u00e9rative de Paris (UCP), qui a ouvert ses portes en septembre 2012, est une universit\u00e9 exp\u00e9rimentale fond\u00e9e sur le principe de coop\u00e9ration.<\/p>\n<p>L\u2019UCP est ouverte \u00e0 tous et ses intervenants sont b\u00e9n\u00e9voles. Totalement ind\u00e9pendante des universit\u00e9s d\u2019Etat et des minist\u00e8res, elle se reconna\u00eet dans les principes d\u2019une \u00e9ducation populaire renouvel\u00e9e pour le XXIe si\u00e8cle.<\/p>\n<p> [&#8230;]<\/p>\n","protected":false},"author":3,"featured_media":0,"comment_status":"open","ping_status":"open","sticky":false,"template":"","format":"standard","meta":{"footnotes":""},"categories":[4],"tags":[],"class_list":["post-1643","post","type-post","status-publish","format-standard","hentry","category-evenements","odd"],"_links":{"self":[{"href":"https:\/\/cis-h.fr\/AGRAF\/wp-json\/wp\/v2\/posts\/1643","targetHints":{"allow":["GET"]}}],"collection":[{"href":"https:\/\/cis-h.fr\/AGRAF\/wp-json\/wp\/v2\/posts"}],"about":[{"href":"https:\/\/cis-h.fr\/AGRAF\/wp-json\/wp\/v2\/types\/post"}],"author":[{"embeddable":true,"href":"https:\/\/cis-h.fr\/AGRAF\/wp-json\/wp\/v2\/users\/3"}],"replies":[{"embeddable":true,"href":"https:\/\/cis-h.fr\/AGRAF\/wp-json\/wp\/v2\/comments?post=1643"}],"version-history":[{"count":0,"href":"https:\/\/cis-h.fr\/AGRAF\/wp-json\/wp\/v2\/posts\/1643\/revisions"}],"wp:attachment":[{"href":"https:\/\/cis-h.fr\/AGRAF\/wp-json\/wp\/v2\/media?parent=1643"}],"wp:term":[{"taxonomy":"category","embeddable":true,"href":"https:\/\/cis-h.fr\/AGRAF\/wp-json\/wp\/v2\/categories?post=1643"},{"taxonomy":"post_tag","embeddable":true,"href":"https:\/\/cis-h.fr\/AGRAF\/wp-json\/wp\/v2\/tags?post=1643"}],"curies":[{"name":"wp","href":"https:\/\/api.w.org\/{rel}","templated":true}]}}