{"id":1659,"date":"2013-11-12T13:36:12","date_gmt":"2013-11-12T13:36:12","guid":{"rendered":"http:\/\/lllearning.free-h.net\/GRAF\/?p=1659"},"modified":"2013-11-12T13:36:12","modified_gmt":"2013-11-12T13:36:12","slug":"revue-detude-des-pratiques-psychosociales-n5-2013","status":"publish","type":"post","link":"https:\/\/cis-h.fr\/AGRAF\/2013\/11\/12\/revue-detude-des-pratiques-psychosociales-n5-2013\/","title":{"rendered":"Revue d&rsquo;\u00e9tude des pratiques psychosociales N\u00b05 (2013)"},"content":{"rendered":"<h4>L\u2019objectif premier de la revue Pr\u00e9sences<\/h4>\n<p>est de diffuser les recherches effectu\u00e9es par les praticiens-chercheurs ayant compl\u00e9t\u00e9 le programme de ma\u00eetrise en \u00e9tude des pratiques psychosociales. L\u2019exp\u00e9rience a montr\u00e9 que les recherches men\u00e9es sur leurs propres pratiques par ces intervenants exp\u00e9riment\u00e9s sont souvent \u00e0 la pointe des pr\u00e9occupations des milieux professionnels.<\/p>\n<ul>\n<li><em><a href=\"http:\/\/www.uqar.ca\/files\/psychosociologie\/revue_pr%C3%A9sences_vol5_de_champlain_y.pdf\" target=\"_blank\" rel=\"noopener\">L\u2019analyse de pratique en tant que posture \u00e9pist\u00e9mologique<\/a><\/em> Yves de Champlain<\/li>\n<li><em><a href=\"http:\/\/www.uqar.ca\/files\/psychosociologie\/revue_pr%C3%A9sences_vol5_humeau_ml.pdf\" target=\"_blank\" rel=\"noopener\">D\u2019une activit\u00e9 de loisir \u00e0 une formation exp\u00e9rientielle<\/a>: les transformations silencieuses du Ta\u00ef Ji Quan<\/em> Marie-Laure Humeau<\/li>\n<li><em><a href=\"http:\/\/www.uqar.ca\/files\/psychosociologie\/revue_pr%C3%A9sences_vol5_gomez_l.pdf\" target=\"_blank\" rel=\"noopener\">Approche autobiographique : notes pour une \u00e9pist\u00e9mologie de recherche \u00e0 la premi\u00e8re personne<\/a><\/em> Luis Gomez<\/li>\n<li><em><a href=\"http:\/\/www.uqar.ca\/files\/psychosociologie\/revue_pr%C3%A9sences_vol5_rugira_jm_et_bergeronp.pdf\" target=\"_blank\" rel=\"noopener\">L\u2019\u00e9mergence d\u2019une communaut\u00e9 de praticiens engag\u00e9s dans une approche r\u00e9flexive et dialogique<\/a> : une exp\u00e9rience innovante en p\u00e9dagogie universitaire<\/em> Rugira J.M. et Bergeron P.<\/li>\n<li><em><a href=\"http:\/\/www.uqar.ca\/files\/psychosociologie\/revue_pr%C3%A9sences_vol5_de_champlain_y._et_al._.pdf\" target=\"_blank\" rel=\"noopener\">Croiser les dispositifs de formation en milieu universitaire de Champlain<\/a><\/em> Y., Laforest A., BreauM.F., Chiasson S. et Maillet P.<\/li>\n<\/ul>\n<p style=\"text-align: right;\"><em>Universit\u00e9 du Qu\u00e9bec \u00e0 Rimouski<\/em> :<a href=\"http:\/\/www.uqar.ca\/psychosociologie\/presences\/\" target=\"_blank\" rel=\"noopener\"> http:\/\/www.uqar.ca\/psychosociologie\/presences\/<\/a><\/p>\n","protected":false},"excerpt":{"rendered":"<p>L\u2019objectif premier de la revue Pr\u00e9sences <\/p>\n<p>est de diffuser les recherches effectu\u00e9es par les praticiens-chercheurs ayant compl\u00e9t\u00e9 le programme de ma\u00eetrise en \u00e9tude des pratiques psychosociales. L\u2019exp\u00e9rience a montr\u00e9 que les recherches men\u00e9es sur leurs propres pratiques par ces intervenants exp\u00e9riment\u00e9s sont souvent \u00e0 la pointe des pr\u00e9occupations des milieux professionnels.<\/p>\n<p> L\u2019analyse de pratique en [&#8230;]<\/p>\n","protected":false},"author":3,"featured_media":0,"comment_status":"open","ping_status":"open","sticky":false,"template":"","format":"standard","meta":{"footnotes":""},"categories":[7],"tags":[],"class_list":["post-1659","post","type-post","status-publish","format-standard","hentry","category-biblio","odd"],"_links":{"self":[{"href":"https:\/\/cis-h.fr\/AGRAF\/wp-json\/wp\/v2\/posts\/1659","targetHints":{"allow":["GET"]}}],"collection":[{"href":"https:\/\/cis-h.fr\/AGRAF\/wp-json\/wp\/v2\/posts"}],"about":[{"href":"https:\/\/cis-h.fr\/AGRAF\/wp-json\/wp\/v2\/types\/post"}],"author":[{"embeddable":true,"href":"https:\/\/cis-h.fr\/AGRAF\/wp-json\/wp\/v2\/users\/3"}],"replies":[{"embeddable":true,"href":"https:\/\/cis-h.fr\/AGRAF\/wp-json\/wp\/v2\/comments?post=1659"}],"version-history":[{"count":0,"href":"https:\/\/cis-h.fr\/AGRAF\/wp-json\/wp\/v2\/posts\/1659\/revisions"}],"wp:attachment":[{"href":"https:\/\/cis-h.fr\/AGRAF\/wp-json\/wp\/v2\/media?parent=1659"}],"wp:term":[{"taxonomy":"category","embeddable":true,"href":"https:\/\/cis-h.fr\/AGRAF\/wp-json\/wp\/v2\/categories?post=1659"},{"taxonomy":"post_tag","embeddable":true,"href":"https:\/\/cis-h.fr\/AGRAF\/wp-json\/wp\/v2\/tags?post=1659"}],"curies":[{"name":"wp","href":"https:\/\/api.w.org\/{rel}","templated":true}]}}