{"id":1686,"date":"2013-12-30T13:15:13","date_gmt":"2013-12-30T13:15:13","guid":{"rendered":"http:\/\/lllearning.free-h.net\/GRAF\/?p=1686"},"modified":"2013-12-30T13:15:13","modified_gmt":"2013-12-30T13:15:13","slug":"lemancipation-politique-une-a-faire-de-soi","status":"publish","type":"post","link":"https:\/\/cis-h.fr\/AGRAF\/2013\/12\/30\/lemancipation-politique-une-a-faire-de-soi\/","title":{"rendered":"L\u2019\u00e9mancipation politique, une \u201c\u00e0 faire\u201d de soi ?"},"content":{"rendered":"<h4 style=\"text-align: center;\">Journ\u00e9e de production collective organis\u00e9e par le groupe de travail du GRAF :<br \/>\n\u201cAutoformation et \u00e9mancipation\u201d<\/h4>\n<p style=\"text-align: center;\">Le Mercredi <strong>12 F\u00e9vrier 2013<\/strong>, de 9 :00 \u00e0 17 :30<br \/>\nCnam, Salle des conseils, 37.1.49, 2 rue Cont\u00e9, 75003 &#8211; PARIS<\/p>\n<p>Cette journ\u00e9e a pour objet de travailler ce d\u00e9placement : l\u2019\u00e9mancipation politique qui \u00e9tait auparavant \u201caffaire\u201d de groupes, de collectifs, de classes, de nations, pour s\u2019arracher de d\u00e9pendances et conqu\u00e9rir des droits, se joue aujourd\u2019hui dans la transformation de \u201csoi\u201d, son rapport aux autres, \u00e0 l\u2019environnement, au pouvoir et aussi son rapport \u00e0 soi-m\u00eame. C\u2019est une des questions au coeur de l\u2019autoformation aujourd\u2019hui. Elle \u00e9tait, selon Dumazedier (1980), le produit d\u2019une double d\u00e9viance : d\u00e9viance par rapport aux id\u00e9es dominantes du milieu d\u2019origine et de vie, d\u00e9viance par rapport aux modes institu\u00e9s d\u2019acc\u00e8s aux savoirs. Elle \u00e9tait autant \u00e9mancipatrice que la marque de cette \u00e9mancipation. Aujourd\u2019hui, l\u2019autoformation s\u2019est institu\u00e9e (Moisan, 2010)<br \/>\nPeut-on dire, pour autant, que l\u2019autoformation est pass\u00e9e avec armes et bagages du c\u00f4t\u00e9 du lib\u00e9ralisme pour devenir un des vecteurs id\u00e9ologiques de \u201cl\u2019injonction \u00e0 l\u2019autonomie\u201d ? En quoi, et comment, elle est ou peut \u00eatre un des modes de transformation sociale ?<br \/>\nR\u00e9pondre \u00e0 ce type d\u2019interrogations suppose de questionner l\u2019\u00e9mancipation dans un contexte o\u00f9 l\u2019individu devient le lieu de fabrication du social (Delory-Momberger, 2009) ; de rompre les cloisonnements \u00e9tanches entre les niveaux individuels et les niveaux collectifs (Elias, 1991) ; de faire des allers-retours entre les niveaux macro et micro des r\u00e9alit\u00e9s sociales mais aussi entre la compr\u00e9hension th\u00e9orique et les pratiques innovantes.<br \/>\n<em>C\u2019est ce type de programme auquel veut r\u00e9pondre cette journ\u00e9e o\u00f9 des membres du groupe de travail \u201cAutoformation et \u00e9mancipation\u201d vont animer une r\u00e9flexion collective en vue d\u2019une production impliquant l\u2019ensemble des participants.<\/em><\/p>\n<h5 style=\"padding-left: 30px;\">Pour ce faire, nous proposons le mode op\u00e9ratoire suivant :<\/h5>\n<p style=\"padding-left: 30px;\">1. Partir des questionnements &#8230;&#8230;&#8230;&#8230;&#8230;&#8230;&#8230;&#8230;&#8230;&#8230;&#8230;&#8230;&#8230;&#8230;&#8230;&#8230;&#8230;&#8230;&#8230;&#8230;&#8230;&#8230;&#8230;&#8230;&#8230;.. (Dur\u00e9e : 1 h. 30)<\/p>\n<p style=\"padding-left: 60px;\">Apr\u00e8s une pr\u00e9sentation liminaire d\u2019Andr\u00e9 MOISAN, des membres du groupe de travail, en<br \/>\ncoh\u00e9rence avec la r\u00e9f\u00e9rence \u00e0 l\u2019autoformation, pr\u00e9sentent comment cette question de<br \/>\nl\u2019\u00e9mancipation rencontre leur propre exp\u00e9rience sociale, politique et r\u00e9flexive.<\/p>\n<p style=\"padding-left: 30px;\">2. S\u2019enrichir de contributions &#8230;&#8230;&#8230;&#8230;&#8230;&#8230;&#8230;&#8230;&#8230;&#8230;&#8230;&#8230;&#8230;&#8230;&#8230;&#8230;&#8230;&#8230;&#8230;&#8230;&#8230;&#8230;&#8230;&#8230;&#8230;&#8230;&#8230;&#8230; (Dur\u00e9e : 3 h.)<\/p>\n<p style=\"padding-left: 30px;\">Ces questionnements serviront de base d\u2019\u00e9coutes et d\u2019\u00e9changes pour des contributions d\u2019origine<br \/>\net de statut diff\u00e9rents.<\/p>\n<p style=\"padding-left: 60px;\">a. <strong>P. Viveret<\/strong>, \u00e9conomiste, philosophe1 et essayiste altermondialiste,<\/p>\n<p style=\"padding-left: 90px;\">nous pr\u00e9sentera ce qui l\u2019a conduit \u00e0 animer un groupe de travail du forum altermondialiste sur le th\u00e8me : \u00ab la transformation sociale et politique passe par la transformation de soi \u00bb.<\/p>\n<p style=\"padding-left: 60px;\">b. <strong>Marie-Christine Bureau<\/strong> (Chercheur CNRS, membre du LISE [Cnam \u2013 CNRS],<\/p>\n<p style=\"padding-left: 90px;\">pr\u00e9sentera l\u2019exemple d\u2019une utopie concr\u00e8te contemporaine \u00e0 travers le th\u00e8me : \u00ab La r\u00e9invention du<br \/>\ntravail dans les \u201cFablab\u201d, les coop\u00e9ratives d&rsquo;activit\u00e9 et d&#8217;emploi et les espaces de coworking : de la<br \/>\nsubordination \u00e0 l\u2019\u00e9mancipation ?\u201d<\/p>\n<p style=\"padding-left: 60px;\">c. <strong>C. H\u00e9bert-Suffrin<\/strong>, cofondatrice des r\u00e9seaux d&rsquo;\u00e9changes r\u00e9ciproques de savoirs [RERS],<\/p>\n<p style=\"padding-left: 90px;\">t\u00e9moignera de nouvelles formes de collectif qui subvertissent les appartenances individuel<br \/>\n\/ collectif, \u00e0 partir de l\u2019exp\u00e9rience des \u201dRERS\u201d<\/p>\n<p style=\"padding-left: 60px;\">d. <strong>Mahmoud Hussein<\/strong> (pseudonyme de deux politologues \u00e9gyptiens),<\/p>\n<p style=\"padding-left: 90px;\">auteur du livre \u00ab <em>Le versant sud de la libert\u00e9. Essai sur l\u2019\u00e9mergence de l\u2019individu dans le tiers-monde<\/em> \u00bb, publi\u00e9 en 1989, pr\u00e9monitoire du \u00ab printemps arabe \u00bb t\u00e9moignera des voies nouvelles de l\u2019individualisation \u00e9mancipatrice qui se manifestent \u00e0 travers ce \u201cprintemps arabe\u201d.<\/p>\n<p style=\"padding-left: 30px;\">3. Retour sur les questionnements &#8230;&#8230;&#8230;&#8230;&#8230;&#8230;&#8230;&#8230;&#8230;&#8230;&#8230;&#8230;&#8230;&#8230;&#8230;&#8230;&#8230;&#8230;&#8230;&#8230;&#8230;&#8230;&#8230; (Dur\u00e9e : 1 h. 30)<\/p>\n<p style=\"padding-left: 60px;\">Les membres du groupe de travail qui ont ouvert leurs questions reprennent la main pour (1)<br \/>\nrestituer comment ces contributions font \u00e9voluer leurs questionnements et (2) animer les<br \/>\n\u00e9changes de l\u2019ensemble des participants.<\/p>\n<p style=\"text-align: center;\">L\u2019ensemble de ces \u00e9changes sont enregistr\u00e9s pour que ces interventions soient retravaill\u00e9es par leurs auteurs et puissent faire l\u2019objet d\u2019une publication.<\/p>\n<p style=\"text-align: center;\"><strong>Cette journ\u00e9e sera suivie, le lendemain jeudi 13 fr\u00e9vier, dune journ\u00e9e sur le th\u00e8me :<a href=\"http:\/\/lllearning.free-h.net\/GRAF\/?p=1665\"> Pratiques spirituelles, autoformation, interculturalit\u00e9<\/a><\/strong><\/p>\n","protected":false},"excerpt":{"rendered":"<p>Journ\u00e9e de production collective organis\u00e9e par le groupe de travail du GRAF : \u201cAutoformation et \u00e9mancipation\u201d <\/p>\n<p style=\"text-align: center;\">Le Mercredi 12 F\u00e9vrier 2013, de 9 :00 \u00e0 17 :30 Cnam, Salle des conseils, 37.1.49, 2 rue Cont\u00e9, 75003 &#8211; PARIS<\/p>\n<p>Cette journ\u00e9e a pour objet de travailler ce d\u00e9placement : l\u2019\u00e9mancipation politique qui \u00e9tait auparavant [&#8230;]<\/p>\n","protected":false},"author":3,"featured_media":0,"comment_status":"open","ping_status":"open","sticky":false,"template":"","format":"standard","meta":{"footnotes":""},"categories":[4],"tags":[],"class_list":["post-1686","post","type-post","status-publish","format-standard","hentry","category-evenements","odd"],"_links":{"self":[{"href":"https:\/\/cis-h.fr\/AGRAF\/wp-json\/wp\/v2\/posts\/1686","targetHints":{"allow":["GET"]}}],"collection":[{"href":"https:\/\/cis-h.fr\/AGRAF\/wp-json\/wp\/v2\/posts"}],"about":[{"href":"https:\/\/cis-h.fr\/AGRAF\/wp-json\/wp\/v2\/types\/post"}],"author":[{"embeddable":true,"href":"https:\/\/cis-h.fr\/AGRAF\/wp-json\/wp\/v2\/users\/3"}],"replies":[{"embeddable":true,"href":"https:\/\/cis-h.fr\/AGRAF\/wp-json\/wp\/v2\/comments?post=1686"}],"version-history":[{"count":0,"href":"https:\/\/cis-h.fr\/AGRAF\/wp-json\/wp\/v2\/posts\/1686\/revisions"}],"wp:attachment":[{"href":"https:\/\/cis-h.fr\/AGRAF\/wp-json\/wp\/v2\/media?parent=1686"}],"wp:term":[{"taxonomy":"category","embeddable":true,"href":"https:\/\/cis-h.fr\/AGRAF\/wp-json\/wp\/v2\/categories?post=1686"},{"taxonomy":"post_tag","embeddable":true,"href":"https:\/\/cis-h.fr\/AGRAF\/wp-json\/wp\/v2\/tags?post=1686"}],"curies":[{"name":"wp","href":"https:\/\/api.w.org\/{rel}","templated":true}]}}