{"id":1695,"date":"2014-02-05T20:34:27","date_gmt":"2014-02-05T20:34:27","guid":{"rendered":"http:\/\/lllearning.free-h.net\/GRAF\/?p=1695"},"modified":"2014-02-05T20:34:27","modified_gmt":"2014-02-05T20:34:27","slug":"apprendre-par-soi-meme-a-tous-les-ages-de-la-vie-adulte","status":"publish","type":"post","link":"https:\/\/cis-h.fr\/AGRAF\/2014\/02\/05\/apprendre-par-soi-meme-a-tous-les-ages-de-la-vie-adulte\/","title":{"rendered":"Apprendre par soi-m\u00eame \u00e0 tous les \u00e2ges de la vie adulte\u2026"},"content":{"rendered":"<h3 style=\"text-align: center;\"><a href=\"http:\/\/colloque-autoformation.unistra.fr\/\" target=\"_blank\" rel=\"noopener\">8\u00e8me colloque international sur l\u2019autoformation<\/a><\/h3>\n<h4 style=\"text-align: center;\"><em>Strasbourg les 29,30 et 31 octobre 2014<\/em><\/h4>\n<h5 style=\"text-align: center;\"><a href=\"http:\/\/lllearning.free-h.net\/GRAF\/wp-content\/uploads\/2014\/09\/programme%20ateliers%20symposiums%20colloque%20autoformation%20Strasbourg.pdf\" target=\"_blank\" rel=\"noopener\">Programme des ateliers et symposium<\/a><\/h5>\n<h5>POURQUOI CE COLLOQUE ?<\/h5>\n<p>Le  th\u00e8me de l\u2019autoformation traverse les pratiques et les recherches en  formation d\u2019adultes depuis plus de 30 ans. L\u2019organisation de 10  colloques europ\u00e9ens ou mondiaux entre 1992 et 2006 [1] a largement  contribu\u00e9 \u00e0 cet essor d\u2019une notion utile et f\u00e9d\u00e9ratrice, bien que  polys\u00e9mique et parfois ambigu\u00eb. Son institutionnalisation est en cours,  comme le d\u00e9montrent publications et recherches r\u00e9centes [2]. L\u2019id\u00e9e  d\u2019autoformation traduit la pr\u00e9occupation des professionnels et des  chercheurs du domaine autour des manifestations multiples de  l\u2019agentivit\u00e9 humaine en formation, \u00e0 travers l\u2019action d\u2019 \u00ab apprendre par  soi-m\u00eame \u00bb qui en est le d\u00e9nominateur commun. A l\u2019heure de la \u00ab soci\u00e9t\u00e9  cognitive \u00bb et de l\u2019apprentissage tout au long de la vie, de la gestion  des connaissances et des communaut\u00e9s d\u2019apprentissage, quand l\u2019explosion  Internet bouleverse nos modes de vie, de travail et  d\u2019enseignement-apprentissage, la notion d\u2019autoformation, parfois  qualifi\u00e9e de \u00ab num\u00e9rique \u00bb, va enfin faire l\u2019objet d\u2019une nouvelle  manifestation p\u00e9dagogique et scientifique.<\/p>\n<h5>LES ACTEURS IMPLIQU\u00c9S<\/h5>\n<p>Sept  ans apr\u00e8s le colloque de Toulouse (2006) qui a b\u00e9n\u00e9fici\u00e9 d\u2019un succ\u00e8s  sans pr\u00e9c\u00e9dent, tant par la participation (450 personnes) que par la  qualit\u00e9 des pr\u00e9sentations (dont l\u2019exceptionnelle pr\u00e9sence en France  d\u2019Albert Bandura), l\u2019Universit\u00e9 de Strasbourg avec le Laboratoire  Interuniversitaire de Sciences de l\u2019\u00c9ducation et de Communication  (LISEC-EA 2310) reprend le flambeau. C\u2019est avec l\u2019appui des Universit\u00e9s  Paris Ouest (CREF) et Rennes 2 (CREAD) ainsi que les r\u00e9seaux majeurs de  la formation tout au long de la vie (Apapp, Ecoles de la deuxi\u00e8me  chance, Cit\u00e9s des m\u00e9tiers, FFFOD, &#8230;) qu\u2019elle organise \u00e0 Strasbourg,  les 29, 30 et 31 octobre 2014, le 8\u00e8me colloque europ\u00e9en sur  l\u2019autoformation autour du th\u00e8me : Apprendre par soi-m\u00eame \u00e0 tous les \u00e2ges  de la vie adulte.<\/p>\n<h4>Le site d\u00e9di\u00e9 : <a href=\"http:\/\/colloque-autoformation.unistra.fr\/\" target=\"_blank\" rel=\"noopener\">http:\/\/colloque-autoformation.unistra.fr\/<\/a><\/h4>\n","protected":false},"excerpt":{"rendered":"<p>8\u00e8me colloque international sur l\u2019autoformation Strasbourg les 29,30 et 31 octobre 2014 Programme des ateliers et symposium POURQUOI CE COLLOQUE ? <\/p>\n<p>Le th\u00e8me de l\u2019autoformation traverse les pratiques et les recherches en formation d\u2019adultes depuis plus de 30 ans. L\u2019organisation de 10 colloques europ\u00e9ens ou mondiaux entre 1992 et 2006 [1] a largement contribu\u00e9 \u00e0 [&#8230;]<\/p>\n","protected":false},"author":3,"featured_media":0,"comment_status":"open","ping_status":"open","sticky":false,"template":"","format":"standard","meta":{"footnotes":""},"categories":[4],"tags":[],"class_list":["post-1695","post","type-post","status-publish","format-standard","hentry","category-evenements","odd"],"_links":{"self":[{"href":"https:\/\/cis-h.fr\/AGRAF\/wp-json\/wp\/v2\/posts\/1695","targetHints":{"allow":["GET"]}}],"collection":[{"href":"https:\/\/cis-h.fr\/AGRAF\/wp-json\/wp\/v2\/posts"}],"about":[{"href":"https:\/\/cis-h.fr\/AGRAF\/wp-json\/wp\/v2\/types\/post"}],"author":[{"embeddable":true,"href":"https:\/\/cis-h.fr\/AGRAF\/wp-json\/wp\/v2\/users\/3"}],"replies":[{"embeddable":true,"href":"https:\/\/cis-h.fr\/AGRAF\/wp-json\/wp\/v2\/comments?post=1695"}],"version-history":[{"count":0,"href":"https:\/\/cis-h.fr\/AGRAF\/wp-json\/wp\/v2\/posts\/1695\/revisions"}],"wp:attachment":[{"href":"https:\/\/cis-h.fr\/AGRAF\/wp-json\/wp\/v2\/media?parent=1695"}],"wp:term":[{"taxonomy":"category","embeddable":true,"href":"https:\/\/cis-h.fr\/AGRAF\/wp-json\/wp\/v2\/categories?post=1695"},{"taxonomy":"post_tag","embeddable":true,"href":"https:\/\/cis-h.fr\/AGRAF\/wp-json\/wp\/v2\/tags?post=1695"}],"curies":[{"name":"wp","href":"https:\/\/api.w.org\/{rel}","templated":true}]}}