{"id":1713,"date":"2014-03-01T17:13:11","date_gmt":"2014-03-01T17:13:11","guid":{"rendered":"http:\/\/lllearning.free-h.net\/GRAF\/?p=1713"},"modified":"2014-03-01T17:13:11","modified_gmt":"2014-03-01T17:13:11","slug":"ucp-coformation-une-ecole-de-la-sagesse","status":"publish","type":"post","link":"https:\/\/cis-h.fr\/AGRAF\/2014\/03\/01\/ucp-coformation-une-ecole-de-la-sagesse\/","title":{"rendered":"UCP: COFORMATION : UNE ECOLE DE LA SAGESSE"},"content":{"rendered":"<h3 style=\"text-align: center;\">Universit\u00e9 Coop\u00e9rative de Paris<\/h3>\n<h5 style=\"text-align: center;\"><span style=\"color: #ff0000;\">Samedi 8 mars 2014 de 14h00 \u00e0 18h00<\/span><\/h5>\n<h4 style=\"text-align: center;\">Odile Descamps<\/h4>\n<p style=\"text-align: center;\">Culture et Libert\u00e9, 5, rue Saint-Vincent de Paul, 75010 PARIS<\/p>\n<p style=\"text-align: center;\"><strong>Merci de vous inscrire <\/strong>pour avoir le code d&rsquo;acc\u00e8s \u00e0 la salle pour cette s\u00e9ance : ucp075@gmail.com<\/p>\n<p>&nbsp;<\/p>\n<h4>Comment les \u00e9l\u00e9ments, les environnements, les mati\u00e8res, les objets peuvent-ils \u00eatre \u00e9coformateurs ?<\/h4>\n<p>L\u2019originalit\u00e9 de l\u2019\u00e9coformation par rapport aux autres formes d\u2019\u00e9ducation \u00e0 l\u2019environnement, est de conscientiser le fait que l\u2019environnement, quel qu\u2019il soit, nous forme (ou nous d\u00e9forme).<\/p>\n<p>Comment mieux comprendre, \u00eatre reli\u00e9 et d\u00e9fendre l\u2019environnement qu\u2019en \u00e9tant form\u00e9 par lui ?<\/p>\n<p><strong>L\u2019Atelier se d\u00e9roulera ainsi :<\/strong><\/p>\n<p><strong>14h -15h<\/strong> : Chacun(e) sera invit\u00e9(e) \u00e0 explorer ses rapports \u00e0 un \u00e9l\u00e9ment (air, eau, terre, feu) ou \u00e0 un lieu (naturel ou construit) ou une mati\u00e8re (naturelle ou non) ou un objet : rapports d\u2019utilit\u00e9 ou de confort, rapports physiques, rapports raisonn\u00e9s, rapports sensibles, rapports imaginaires.<\/p>\n<p>IMPORTANT : <span style=\"color: #ff0000;\">Nous vous demandons d\u2019apporter un objet, ou une photo, ou un dessin ou encore un texte<\/span>, concernant la s\u00e9ance,  qui serviront de support \u00e0 cette premi\u00e8re s\u00e9quence.<\/p>\n<p><strong>15h-15h50<\/strong>. Odile Descamps pr\u00e9sentera sa vision de l\u2019\u00e9coformation en  explicitant comment le bois, consid\u00e9r\u00e9 en occident comme une mati\u00e8re et en Chine comme un \u00e9l\u00e9ment, peut devenir un Ma\u00eetre \u00e9coformateur.<\/p>\n<p>Pause<\/p>\n<p><strong>16h05-17h<\/strong> : travail en petits groupes : retour r\u00e9flexif sur les s\u00e9quences 1 et 2. Rep\u00e9rage de similitudes et\/ou de diff\u00e9rences d\u2019approche.<\/p>\n<p><strong>17h-18h<\/strong> : Apports des groupes et suite envisag\u00e9e.<\/p>\n<p>La d\u00e9marche se situera dans le cadre de l\u2019anthropoformation et de la ph\u00e9nom\u00e9nologie avec une approche sensible.<\/p>\n<p><em><span style=\"color: #ff0000;\">Essayez d\u2019\u00eatre \u00e0 l\u2019heure, l\u2019apr\u00e8s-midi passe tr\u00e8s vite !!!<\/span><\/em><\/p>\n","protected":false},"excerpt":{"rendered":"<p>Universit\u00e9 Coop\u00e9rative de Paris Samedi 8 mars 2014 de 14h00 \u00e0 18h00 Odile Descamps <\/p>\n<p style=\"text-align: center;\">Culture et Libert\u00e9, 5, rue Saint-Vincent de Paul, 75010 PARIS<\/p>\n<p style=\"text-align: center;\">Merci de vous inscrire pour avoir le code d&rsquo;acc\u00e8s \u00e0 la salle pour cette s\u00e9ance : ucp075@gmail.com<\/p>\n<p>&nbsp;<\/p>\n<p> Comment les \u00e9l\u00e9ments, les environnements, les mati\u00e8res, les objets [&#8230;]<\/p>\n","protected":false},"author":3,"featured_media":0,"comment_status":"open","ping_status":"open","sticky":false,"template":"","format":"standard","meta":{"footnotes":""},"categories":[4],"tags":[],"class_list":["post-1713","post","type-post","status-publish","format-standard","hentry","category-evenements","odd"],"_links":{"self":[{"href":"https:\/\/cis-h.fr\/AGRAF\/wp-json\/wp\/v2\/posts\/1713","targetHints":{"allow":["GET"]}}],"collection":[{"href":"https:\/\/cis-h.fr\/AGRAF\/wp-json\/wp\/v2\/posts"}],"about":[{"href":"https:\/\/cis-h.fr\/AGRAF\/wp-json\/wp\/v2\/types\/post"}],"author":[{"embeddable":true,"href":"https:\/\/cis-h.fr\/AGRAF\/wp-json\/wp\/v2\/users\/3"}],"replies":[{"embeddable":true,"href":"https:\/\/cis-h.fr\/AGRAF\/wp-json\/wp\/v2\/comments?post=1713"}],"version-history":[{"count":0,"href":"https:\/\/cis-h.fr\/AGRAF\/wp-json\/wp\/v2\/posts\/1713\/revisions"}],"wp:attachment":[{"href":"https:\/\/cis-h.fr\/AGRAF\/wp-json\/wp\/v2\/media?parent=1713"}],"wp:term":[{"taxonomy":"category","embeddable":true,"href":"https:\/\/cis-h.fr\/AGRAF\/wp-json\/wp\/v2\/categories?post=1713"},{"taxonomy":"post_tag","embeddable":true,"href":"https:\/\/cis-h.fr\/AGRAF\/wp-json\/wp\/v2\/tags?post=1713"}],"curies":[{"name":"wp","href":"https:\/\/api.w.org\/{rel}","templated":true}]}}