{"id":1722,"date":"2014-03-18T09:42:17","date_gmt":"2014-03-18T09:42:17","guid":{"rendered":"http:\/\/lllearning.free-h.net\/GRAF\/?p=1722"},"modified":"2014-03-18T09:42:17","modified_gmt":"2014-03-18T09:42:17","slug":"assemblee-generale-de-la-graf-2014","status":"publish","type":"post","link":"https:\/\/cis-h.fr\/AGRAF\/2014\/03\/18\/assemblee-generale-de-la-graf-2014\/","title":{"rendered":"Assembl\u00e9e G\u00e9n\u00e9rale de l\u2019A-Graf 2014"},"content":{"rendered":"<p style=\"text-align: center;\">l\u2019Assembl\u00e9e G\u00e9n\u00e9rale de l\u2019A-Graf se tiendra le :<\/p>\n<h3 style=\"text-align: center;\"><span style=\"color: #ff0000;\">Vendredi 20 Juin<\/span><\/h3>\n<h3 style=\"text-align: center;\"><span style=\"color: #ff0000;\">9:30 &gt; 17:00<\/span><\/h3>\n<h3 style=\"text-align: center;\"><span style=\"color: #ff0000;\">au Cnam, 2, rue Cont\u00e9<\/span><\/h3>\n<h3 style=\"text-align: center;\"><span style=\"color: #ff0000;\">au Salon d\u2019honneur (Acc\u00e8s 37, Etage 1, Salle 50)<\/span><\/h3>\n<p>Nous vous proposons l\u2019ordre du jour ci-dessous :<\/p>\n<h4>1. Pr\u00e9sentation des nouveaux adh\u00e9rents et tour de table sur les pratiques et recherches sur l\u2019autoformation de chacun des participants ;<\/h4>\n<h4>2. Bilan d\u2019\u00e9tapes des diff\u00e9rentes activit\u00e9s des membres du Graf, en particulier dans les deux groupes :<\/h4>\n<p style=\"padding-left: 30px;\">a) autoformation et \u00e9mancipation<\/p>\n<p style=\"padding-left: 30px;\">b) autoformation, pratiques spirituelles et interculturalit\u00e9.<\/p>\n<h4><strong>3. Organisation de nouvelles activit\u00e9s et projets en perspective<\/strong><\/h4>\n<p style=\"padding-left: 30px;\">a) constitution de 3 groupes dans le prolongement de la journ\u00e9e du 13 Mars (sur la spiritualit\u00e9) :<\/p>\n<p style=\"padding-left: 30px;\">&#8211; \u00e9ducation et spiritualit\u00e9 ;<\/p>\n<p style=\"padding-left: 30px;\">&#8211; \u00e9coformation et spiritualit\u00e9<\/p>\n<p style=\"padding-left: 30px;\">&#8211; sant\u00e9 et spiritualit\u00e9<\/p>\n<p style=\"padding-left: 30px;\">b) organisation de l\u2019universit\u00e9 nomade et saisonni\u00e8re \u00e0 Auroville (Inde)<\/p>\n<p style=\"padding-left: 30px;\">c ) participation au 8e colloque international sur l&rsquo;autoformation \u00e0 Strasbourg (29, 30 et 31 octobre 2014)<\/p>\n<p style=\"padding-left: 30px;\">d) nouvelles activit\u00e9s pouvant \u00e9merger au cours de nos \u00e9changes<\/p>\n<h4>4. Tenue statutaire de l\u2019Assembl\u00e9e g\u00e9n\u00e9rale de l\u2019A-Graf :<\/h4>\n<p style=\"padding-left: 30px;\">&#8211; bilan des comptes<\/p>\n<p style=\"padding-left: 30px;\">&#8211; \u00e9lection des repr\u00e9sentants de l\u2019A-Graf<\/p>\n<p style=\"padding-left: 30px;\">&nbsp;<\/p>\n<p>Notre journ\u00e9e se terminera par un d\u00eener convivial.<\/p>\n<p style=\"text-align: right;\"><strong>Cathy Clenet<\/strong>, <em>Pr\u00e9sidente de l\u2019A-Graf<\/em><\/p>\n<p>&nbsp;<\/p>\n","protected":false},"excerpt":{"rendered":"<p style=\"text-align: center;\">l\u2019Assembl\u00e9e G\u00e9n\u00e9rale de l\u2019A-Graf se tiendra le :<\/p>\n<p> Vendredi 20 Juin 9:30 &gt; 17:00 au Cnam, 2, rue Cont\u00e9 au Salon d\u2019honneur (Acc\u00e8s 37, Etage 1, Salle 50) <\/p>\n<p>Nous vous proposons l\u2019ordre du jour ci-dessous :<\/p>\n<p> 1. Pr\u00e9sentation des nouveaux adh\u00e9rents et tour de table sur les pratiques et recherches sur l\u2019autoformation de [&#8230;]<\/p>\n","protected":false},"author":3,"featured_media":0,"comment_status":"open","ping_status":"open","sticky":false,"template":"","format":"standard","meta":{"footnotes":""},"categories":[4],"tags":[],"class_list":["post-1722","post","type-post","status-publish","format-standard","hentry","category-evenements","odd"],"_links":{"self":[{"href":"https:\/\/cis-h.fr\/AGRAF\/wp-json\/wp\/v2\/posts\/1722","targetHints":{"allow":["GET"]}}],"collection":[{"href":"https:\/\/cis-h.fr\/AGRAF\/wp-json\/wp\/v2\/posts"}],"about":[{"href":"https:\/\/cis-h.fr\/AGRAF\/wp-json\/wp\/v2\/types\/post"}],"author":[{"embeddable":true,"href":"https:\/\/cis-h.fr\/AGRAF\/wp-json\/wp\/v2\/users\/3"}],"replies":[{"embeddable":true,"href":"https:\/\/cis-h.fr\/AGRAF\/wp-json\/wp\/v2\/comments?post=1722"}],"version-history":[{"count":0,"href":"https:\/\/cis-h.fr\/AGRAF\/wp-json\/wp\/v2\/posts\/1722\/revisions"}],"wp:attachment":[{"href":"https:\/\/cis-h.fr\/AGRAF\/wp-json\/wp\/v2\/media?parent=1722"}],"wp:term":[{"taxonomy":"category","embeddable":true,"href":"https:\/\/cis-h.fr\/AGRAF\/wp-json\/wp\/v2\/categories?post=1722"},{"taxonomy":"post_tag","embeddable":true,"href":"https:\/\/cis-h.fr\/AGRAF\/wp-json\/wp\/v2\/tags?post=1722"}],"curies":[{"name":"wp","href":"https:\/\/api.w.org\/{rel}","templated":true}]}}