{"id":1731,"date":"2014-04-08T08:48:38","date_gmt":"2014-04-08T08:48:38","guid":{"rendered":"http:\/\/lllearning.free-h.net\/GRAF\/?p=1731"},"modified":"2014-04-08T08:48:38","modified_gmt":"2014-04-08T08:48:38","slug":"design-social-les-nouvelles-formes-de-convivialite","status":"publish","type":"post","link":"https:\/\/cis-h.fr\/AGRAF\/2014\/04\/08\/design-social-les-nouvelles-formes-de-convivialite\/","title":{"rendered":"DESIGN SOCIAL : LES NOUVELLES FORMES DE CONVIVIALIT\u00c9"},"content":{"rendered":"<h4 style=\"text-align: center;\">\u00c9cole Sup\u00e9rieure d&rsquo;Art et de Design de Valenciennes<br \/>\nColloque International<br \/>\n\u00ab DESIGN SOCIAL : LES NOUVELLES FORMES DE CONVIVIALIT\u00c9 \u00bb<br \/>\n10-11 Avril 2014<\/h4>\n<p>L&rsquo;objet de ce colloque est d&rsquo;interroger les pratiques \u00e9mergentes de design qui cherchent \u00e0 inventer une soci\u00e9t\u00e9 conviviale pour r\u00e9pondre aux effets de la crise mondiale.<\/p>\n<p>Depuis quelques ann\u00e9es et partout dans le monde, se d\u00e9veloppe en effet un design r\u00e9solument \u00ab social \u00bb qui propose des alternatives au syst\u00e8me de production et de consommation de masse, notamment \u00e0 travers des projets de partage des savoirs, de mutualisation des outils, de r\u00e9ciprocit\u00e9 des \u00e9changes et des services, de transformation de l?espace public et de l&rsquo;action commune.<\/p>\n<p>Si la vocation sociale du design n?est pas nouvelle, dans la mesure o\u00f9 l&rsquo;utopie sociale et politique a effectivement marqu\u00e9 le rapport du design \u00e0 l&rsquo;industrie depuis William Morris ; avec l&rsquo;influence de la contre-culture am\u00e9ricaine, de la critique post-marxiste et surtout des mouvements sociaux et participatifs issus de la r\u00e9volution num\u00e9rique, le design cherche davantage aujourd&rsquo;hui \u00e0 faire du social un \u00ab mat\u00e9riau \u00bb d&rsquo;exp\u00e9rimentation et une \u00ab force \u00bb de transformation. Il s&rsquo;agit alors d&rsquo;ouvrir l&rsquo;ensemble du processus de design, de la conception \u00e0 la production, de l&rsquo;utilisation au recyclage, \u00e0 l&rsquo;implication directe des individus, qui ne sont plus seulement des techniciens, des fournisseurs, des investisseurs et des usagers, mais des citoyens cr\u00e9ateurs de leur milieu de vie et d&rsquo;existence.<\/p>\n<p>Centr\u00e9 sur le partage, la participation et l&rsquo;autonomie, cette pratique du design \u00e0 vocation sociale remet donc en question non seulement ses propres finalit\u00e9s, mais aussi toutes les dimensions de l&rsquo;activit\u00e9 du designer : son m\u00e9tier, ses outils, ses partenaires, ses m\u00e9thodes, son espace et son temps d&rsquo;intervention. Il en r\u00e9sulte \u00e0 la fois une relativisation et une extension du design, \u00e0 tel point qu&rsquo;il semble n\u00e9cessaire de le repenser.<\/p>\n<p>Dans cette perspective, deux axes seront plus particuli\u00e8rement privil\u00e9gi\u00e9s durant ce colloque pour interroger aussi bien les aspects pratiques, artistiques, \u00e9conomiques, technologiques, \u00e9thiques et politiques, qu&rsquo;implique le design social :<\/p>\n<p>1)\u00a0\u00a0\u00a0 Mutations soci\u00e9tales, espaces en transformation : cet axe s&rsquo;attache \u00e0 l&rsquo;\u00e9tude des rapports entre le design et l&rsquo;espace social selon trois dimensions :<\/p>\n<p>&#8211;\u00a0\u00a0\u00a0 \u00e9conomique (\u00e9conomie sociale et solidaire, d\u00e9croissance, libre, slow, etc.)<br \/>\n&#8211;\u00a0\u00a0\u00a0 territoriale (espace transfrontalier, reconversion industrielle, espace public et d\u00e9mocratie participative, wiki architecture, \u00e9cologie solidaire, etc.)<br \/>\n&#8211;\u00a0\u00a0\u00a0 utopique (imaginaire social, r\u00e9activation d&rsquo;utopies historiques, etc.)<\/p>\n<p>2)\u00a0\u00a0\u00a0 Modes de production, nouvelles sociabilit\u00e9s : cet axe s&rsquo;attache \u00e0 l&rsquo;\u00e9tude des formes de production centr\u00e9es sur l&rsquo;autonomie, le partage et l&rsquo;exp\u00e9rimentation selon trois autres dimensions :<\/p>\n<p>&#8211;\u00a0\u00a0\u00a0 des usages (recyclage, r\u00e9paration, d\u00e9tournement, partage de propri\u00e9t\u00e9, r\u00e9activation des savoir-faire, etc.)<br \/>\n&#8211;\u00a0\u00a0\u00a0 technologique (co-conception, open source, imprimantes 3D, etc.)<br \/>\n&#8211;\u00a0\u00a0\u00a0 \u00e9pist\u00e9mologique (recherche contributive, diffusion libre du savoir, etc.)<\/p>\n<p><a href=\"http:\/\/theuth.univ-rennes1.fr\/php\/agenda_view_prgm.php?num=4368\" target=\"_blank\" rel=\"noopener\">http:\/\/theuth.univ-rennes1.fr\/php\/agenda_view_prgm.php?num=4368<\/a><\/p>\n<h5>Programme<\/h5>\n<p style=\"text-align: center;\">Jeudi 10 Avril<\/p>\n<p>9h Accueil<br \/>\n9h30 Introduction Ludovic Duhem, Patrick Beauc\u00e9, Ken Rabin (ESAD de Valenciennes)<\/p>\n<p style=\"text-align: center;\">MUTATIONS SOCI\u00c9TALES<\/p>\n<p>10h Fran\u00e7ois J\u00c9GOU, Designer (ENSAV La Cambre, Bruxelles) Design pour l\u2019innovation sociale et le d\u00e9veloppement durable<br \/>\n10h45 Pause<br \/>\n11h15 Jean-\u00ad\u2010Hugues BARTH\u00c9L\u00c9MY, Philosophe (Directeur du CIDES, MSH Paris-\u00ad\u2010Nord) Du \u00ab design social \u00bb \u00e0 l\u2019\u00e9cologie humaine<br \/>\n11h45 Eda OZTURK, Chercheur (Universit\u00e9 de Galatasaray, Istanbul, Turquie) La r\u00e9cup\u00e9ration et la transformation de l\u2019espace public \u00e0 travers la pratique du design : l\u2019occupation du parc Gezi<br \/>\n12h45 D\u00e9jeuner<\/p>\n<p style=\"text-align: center;\">MODES DE PRODUCTION<\/p>\n<p>14h Aur\u00e9lie MICHEL, Professeur en Sciences-\u00ad\u2010Humaines appliqu\u00e9es au design (ENSA Nancy) Re-\u00ad\u2010do ou la participation active de l\u2019usager dans la conception du design<br \/>\n14h45 David ENON, Designer (ESBA TALM) Alterproduction (un projet) ou \u00ab comment produire du mobilier en r\u00e9cif artificiel ? \u00bb<br \/>\n15h30 Pause<br \/>\n15h45 Juliette SIX, Designer (collectif Cochenko) Le design et l&rsquo;accompagnement \u00e0 la maitrise d&rsquo;usage: vers une r\u00e9appropriation de son cadre de vie?<br \/>\n16h30 Table ronde avec les intervenants de la journ\u00e9e<br \/>\n17h Fin de la journ\u00e9e<\/p>\n<p style=\"text-align: center;\">Vendredi 11 Avril<\/p>\n<p>9h30 Accueil<\/p>\n<p style=\"text-align: center;\">MUTATIONS SOCI\u00c9TALES<\/p>\n<p>10h Romain PLICHON, Chercheur en am\u00e9nagement du territoire (Universit\u00e9 d\u2019Artois, LEM) Le \u00ab design social \u00bb de l\u2019habitat interm\u00e9diaire : une solution spatiale aux nouveaux enjeux de solidarit\u00e9 territoriale ? 11h Cristian CAMPAGNARO, Architecte et Designer (DAD Polytechnic of Turin) Beauty, Participation and inclusion. Designing with homeless people<br \/>\n11h45 Pause<br \/>\n12h Michel DAVID, Consultant (Directeur agence 5e P\u00f4le) Crise des politiques publiques et pouvoir d\u2019agir des citoyens, conditions d\u2019\u00e9mergence et de r\u00e9ussite<br \/>\n13h D\u00e9jeuner<\/p>\n<p style=\"text-align: center;\">MODES DE PRODUCTION<\/p>\n<p>14h30 Philippe BOUCHEZ, Chef de service prospective D2DPE R\u00e9gion NPDC Prospective, design social et d\u00e9veloppement du territoire<br \/>\n15h15 Mourad OURAL, Designer (Pang\u00e9eDesign) PANG ! Sustainable Design<br \/>\n16h Pause<br \/>\n16h30 Table ronde avec les intervenants de la journ\u00e9e et conclusion avec Ludovic Duhem, Ken Rabin et Patrick Beauc\u00e9<br \/>\n17h Fin de la journ\u00e9e et cl\u00f4ture du colloque<\/p>\n<p>Avec le soutien amical de : IRI, Universit\u00e9 de Valenciennes, R\u00e9gion NPDC<\/p>\n","protected":false},"excerpt":{"rendered":"<p>\u00c9cole Sup\u00e9rieure d&rsquo;Art et de Design de Valenciennes Colloque International \u00ab DESIGN SOCIAL : LES NOUVELLES FORMES DE CONVIVIALIT\u00c9 \u00bb 10-11 Avril 2014 <\/p>\n<p>L&rsquo;objet de ce colloque est d&rsquo;interroger les pratiques \u00e9mergentes de design qui cherchent \u00e0 inventer une soci\u00e9t\u00e9 conviviale pour r\u00e9pondre aux effets de la crise mondiale.<\/p>\n<p>Depuis quelques ann\u00e9es et partout dans [&#8230;]<\/p>\n","protected":false},"author":3,"featured_media":0,"comment_status":"open","ping_status":"open","sticky":false,"template":"","format":"standard","meta":{"footnotes":""},"categories":[4],"tags":[],"class_list":["post-1731","post","type-post","status-publish","format-standard","hentry","category-evenements","odd"],"_links":{"self":[{"href":"https:\/\/cis-h.fr\/AGRAF\/wp-json\/wp\/v2\/posts\/1731","targetHints":{"allow":["GET"]}}],"collection":[{"href":"https:\/\/cis-h.fr\/AGRAF\/wp-json\/wp\/v2\/posts"}],"about":[{"href":"https:\/\/cis-h.fr\/AGRAF\/wp-json\/wp\/v2\/types\/post"}],"author":[{"embeddable":true,"href":"https:\/\/cis-h.fr\/AGRAF\/wp-json\/wp\/v2\/users\/3"}],"replies":[{"embeddable":true,"href":"https:\/\/cis-h.fr\/AGRAF\/wp-json\/wp\/v2\/comments?post=1731"}],"version-history":[{"count":0,"href":"https:\/\/cis-h.fr\/AGRAF\/wp-json\/wp\/v2\/posts\/1731\/revisions"}],"wp:attachment":[{"href":"https:\/\/cis-h.fr\/AGRAF\/wp-json\/wp\/v2\/media?parent=1731"}],"wp:term":[{"taxonomy":"category","embeddable":true,"href":"https:\/\/cis-h.fr\/AGRAF\/wp-json\/wp\/v2\/categories?post=1731"},{"taxonomy":"post_tag","embeddable":true,"href":"https:\/\/cis-h.fr\/AGRAF\/wp-json\/wp\/v2\/tags?post=1731"}],"curies":[{"name":"wp","href":"https:\/\/api.w.org\/{rel}","templated":true}]}}