{"id":1752,"date":"2014-06-25T09:57:21","date_gmt":"2014-06-25T09:57:21","guid":{"rendered":"http:\/\/lllearning.free-h.net\/GRAF\/?p=1752"},"modified":"2014-06-25T09:57:21","modified_gmt":"2014-06-25T09:57:21","slug":"9e-printemps-des-universites-populaires","status":"publish","type":"post","link":"https:\/\/cis-h.fr\/AGRAF\/2014\/06\/25\/9e-printemps-des-universites-populaires\/","title":{"rendered":"9e Printemps des Universit\u00e9s Populaires"},"content":{"rendered":"<p>Depuis 9 ans, le r\u00e9seau des Universit\u00e9s Populaires se rencontre au Printemps pour d\u00e9battre ensemble de ce qui le pr\u00e9occupe. Se retrouver, d\u00e9battre, travailler voire agir ensemble constitue le menu de ce weekend traditionnellement fix\u00e9 au dernier du mois de juin. Il permet de confronter les points de vue sur des enjeux qui semblent fondamentaux.<\/p>\n<p>L&rsquo;<strong>Universit\u00e9 Coop\u00e9rative de Paris<\/strong>, <strong>Culture et Libert\u00e9<\/strong> et l&rsquo;<strong>Universit\u00e9 de Paris8<\/strong> organisent cette ann\u00e9e la 9\u00e8me \u00e9dition des Printemps des Universit\u00e9s Populaires. Les trois grands th\u00e8mes travaill\u00e9s pour cette \u00e9dition seront: le politique, l&rsquo;international et l&rsquo;acc\u00e8s des jeunes dans nos Universit\u00e9s Populaires, de quoi r\u00eaver ensemble d&rsquo;une Terre-Monde !<\/p>\n<p>La question de l&rsquo;acc\u00e8s des jeunes dans nos Universit\u00e9s populaires est concomitante \u00e0 celles du politique et de l&rsquo;international notamment lorsque nous nous inscrivons dans un mouvement social renouvel\u00e9. La jeunesse n&rsquo;est pas une g\u00e9n\u00e9ration sp\u00e9cifique qu&rsquo;il faut g\u00e9rer, elle est surtout le renouvellement de nos militants, porteurs d&rsquo;id\u00e9aux politiques et ouverts sur le monde.<\/p>\n<h4 style=\"text-align: center;\">L&rsquo;\u00e9v\u00e9nement aura lieu \u00e0 la bourse du travail de Paris et sur la p\u00e9niche \u00ab alternat \u00bb<br \/>\nle weekend du 27, 28 et 29 juin 2014.<\/h4>\n<p>Pour participer au 9\u00e8me Printemps des Universit\u00e9s Populaires ou pour en avoir plus d&rsquo;informations utiles, inscrivez-vous en cliquant ici ou en allant sur le site <a href=\"http:\/\/www.9eprintemps.org\/\" target=\"_blank\" rel=\"noopener\">http:\/\/www.9eprintemps.org\/<\/a><\/p>\n<p><strong>Contact :<\/strong><\/p>\n<p>L&rsquo;\u00e9quip\u00e9 du 9e Printemps des Universit\u00e9s Populaires \u2013 UCP\u00a0\u00a0\u00a0 <a href=\"mailto:9eprintemps@gmail.com\">9eprintemps@gmail.com<\/a><\/p>\n<p>L&rsquo;\u00e9quipe de l&rsquo;UCP : <a href=\"mailto:ucp075@gmail.com\">ucp075@gmail.com<\/a><\/p>\n","protected":false},"excerpt":{"rendered":"<p>Depuis 9 ans, le r\u00e9seau des Universit\u00e9s Populaires se rencontre au Printemps pour d\u00e9battre ensemble de ce qui le pr\u00e9occupe. Se retrouver, d\u00e9battre, travailler voire agir ensemble constitue le menu de ce weekend traditionnellement fix\u00e9 au dernier du mois de juin. Il permet de confronter les points de vue sur des enjeux qui semblent fondamentaux.<\/p>\n<p> [&#8230;]<\/p>\n","protected":false},"author":3,"featured_media":0,"comment_status":"open","ping_status":"open","sticky":false,"template":"","format":"standard","meta":{"footnotes":""},"categories":[4],"tags":[],"class_list":["post-1752","post","type-post","status-publish","format-standard","hentry","category-evenements","odd"],"_links":{"self":[{"href":"https:\/\/cis-h.fr\/AGRAF\/wp-json\/wp\/v2\/posts\/1752","targetHints":{"allow":["GET"]}}],"collection":[{"href":"https:\/\/cis-h.fr\/AGRAF\/wp-json\/wp\/v2\/posts"}],"about":[{"href":"https:\/\/cis-h.fr\/AGRAF\/wp-json\/wp\/v2\/types\/post"}],"author":[{"embeddable":true,"href":"https:\/\/cis-h.fr\/AGRAF\/wp-json\/wp\/v2\/users\/3"}],"replies":[{"embeddable":true,"href":"https:\/\/cis-h.fr\/AGRAF\/wp-json\/wp\/v2\/comments?post=1752"}],"version-history":[{"count":0,"href":"https:\/\/cis-h.fr\/AGRAF\/wp-json\/wp\/v2\/posts\/1752\/revisions"}],"wp:attachment":[{"href":"https:\/\/cis-h.fr\/AGRAF\/wp-json\/wp\/v2\/media?parent=1752"}],"wp:term":[{"taxonomy":"category","embeddable":true,"href":"https:\/\/cis-h.fr\/AGRAF\/wp-json\/wp\/v2\/categories?post=1752"},{"taxonomy":"post_tag","embeddable":true,"href":"https:\/\/cis-h.fr\/AGRAF\/wp-json\/wp\/v2\/tags?post=1752"}],"curies":[{"name":"wp","href":"https:\/\/api.w.org\/{rel}","templated":true}]}}