{"id":1755,"date":"2014-07-20T06:40:53","date_gmt":"2014-07-20T06:40:53","guid":{"rendered":"http:\/\/lllearning.free-h.net\/GRAF\/?p=1755"},"modified":"2014-07-20T06:40:53","modified_gmt":"2014-07-20T06:40:53","slug":"atelier-decriture-ecoformation-aout-2014","status":"publish","type":"post","link":"https:\/\/cis-h.fr\/AGRAF\/2014\/07\/20\/atelier-decriture-ecoformation-aout-2014\/","title":{"rendered":"Atelier d&rsquo;\u00e9criture Ecoformation, ao\u00fbt 2014"},"content":{"rendered":"<h4>En Loz\u00e8re, les 18, 19 et 20 ao\u00fbt 2014<\/h4>\n<p>Je propose de fa\u00e7on informelle et amicale une rencontre sur le th\u00e8me de l&rsquo;\u00e9coformation, chez moi \u00e0 Ruas, en Loz\u00e8re (\u00e0 11km de Florac, sur les contreforts du Mont Loz\u00e8re). Nous pourrons m\u00ealer balades, \u00e9critures, baignades, discussions.<\/p>\n<p>Je peux loger quelques personnes sur place et nous pourrons cuisiner ensemble.<\/p>\n<p><strong>Oriane Bischoff<\/strong><\/p>\n<p>Pour venir, en train, il faut venir jusqu&rsquo;\u00e0 Al\u00e8s, de l\u00e0 il y a un bus qui part \u00e0 12h pour Florac. Je peux venir vous chercher sur Florac bien s\u00fbr. Pour le retour, la navette part \u00e0 10h pour Al\u00e8s.<\/p>\n<p><a href=\"http:\/\/www.voyages-boulet.com\/ligne-florac-ale\" target=\"_blank\" rel=\"noopener\">http:\/\/www.voyages-boulet.com\/ligne-florac-ale<\/a><\/p>\n<p>Lire <a href=\"http:\/\/lllearning.free-h.net\/GRAF\/wp-content\/uploads\/2014\/07\/Ecoformation_UCP_GRAF_Version15juillet2014.doc\" target=\"_blank\" rel=\"noopener\">Ecoformatin : une \u00e9cole de sagesse<\/a><\/p>\n","protected":false},"excerpt":{"rendered":"<p>En Loz\u00e8re, les 18, 19 et 20 ao\u00fbt 2014 <\/p>\n<p>Je propose de fa\u00e7on informelle et amicale une rencontre sur le th\u00e8me de l&rsquo;\u00e9coformation, chez moi \u00e0 Ruas, en Loz\u00e8re (\u00e0 11km de Florac, sur les contreforts du Mont Loz\u00e8re). Nous pourrons m\u00ealer balades, \u00e9critures, baignades, discussions.<\/p>\n<p>Je peux loger quelques personnes sur place et nous [&#8230;]<\/p>\n","protected":false},"author":3,"featured_media":0,"comment_status":"open","ping_status":"open","sticky":false,"template":"","format":"standard","meta":{"footnotes":""},"categories":[4],"tags":[],"class_list":["post-1755","post","type-post","status-publish","format-standard","hentry","category-evenements","odd"],"_links":{"self":[{"href":"https:\/\/cis-h.fr\/AGRAF\/wp-json\/wp\/v2\/posts\/1755","targetHints":{"allow":["GET"]}}],"collection":[{"href":"https:\/\/cis-h.fr\/AGRAF\/wp-json\/wp\/v2\/posts"}],"about":[{"href":"https:\/\/cis-h.fr\/AGRAF\/wp-json\/wp\/v2\/types\/post"}],"author":[{"embeddable":true,"href":"https:\/\/cis-h.fr\/AGRAF\/wp-json\/wp\/v2\/users\/3"}],"replies":[{"embeddable":true,"href":"https:\/\/cis-h.fr\/AGRAF\/wp-json\/wp\/v2\/comments?post=1755"}],"version-history":[{"count":0,"href":"https:\/\/cis-h.fr\/AGRAF\/wp-json\/wp\/v2\/posts\/1755\/revisions"}],"wp:attachment":[{"href":"https:\/\/cis-h.fr\/AGRAF\/wp-json\/wp\/v2\/media?parent=1755"}],"wp:term":[{"taxonomy":"category","embeddable":true,"href":"https:\/\/cis-h.fr\/AGRAF\/wp-json\/wp\/v2\/categories?post=1755"},{"taxonomy":"post_tag","embeddable":true,"href":"https:\/\/cis-h.fr\/AGRAF\/wp-json\/wp\/v2\/tags?post=1755"}],"curies":[{"name":"wp","href":"https:\/\/api.w.org\/{rel}","templated":true}]}}