{"id":1759,"date":"2014-07-20T07:04:51","date_gmt":"2014-07-20T07:04:51","guid":{"rendered":"http:\/\/lllearning.free-h.net\/GRAF\/?p=1759"},"modified":"2014-07-20T07:04:51","modified_gmt":"2014-07-20T07:04:51","slug":"ucp-programme-previsionnel-2014-2015","status":"publish","type":"post","link":"https:\/\/cis-h.fr\/AGRAF\/2014\/07\/20\/ucp-programme-previsionnel-2014-2015\/","title":{"rendered":"UCP: Programme Pr\u00e9visionnel  2014 \/ 2015"},"content":{"rendered":"<h4>Universit\u00e9 Coop\u00e9rative de Paris<\/h4>\n<p><em>LE Site<\/em> : <a href=\"http:\/\/www.ucp-paris.org\/ LA Plateforme : http:\/\/claroline.ucp-paris.org\/index.php\" target=\"_blank\" rel=\"noopener\">http:\/\/www.ucp-paris.org\/ <em>LA Plateforme<\/em> : http:\/\/claroline.ucp-paris.org\/index.php<\/a><br \/>\nLE <em>facebook<\/em> <a href=\"https:\/\/www.facebook.com\/pages\/LUniversit%C3%A9-Coop%C3%A9rative-de-Paris-UCP\/285578381556398\" target=\"_blank\" rel=\"noopener\">https:\/\/www.facebook.com\/pages\/LUniversit%C3%A9-Coop%C3%A9rative-de-Paris-UCP\/285578381556398<\/a><br \/>\nLE <em>Twitter<\/em> : <a href=\"https:\/\/twitter.com\/ChevalierPaul\" target=\"_blank\" rel=\"noopener\">https:\/\/twitter.com\/ChevalierPaul<\/a><\/p>\n<p>(Chaque samedi)<\/p>\n<p><strong>AG UCP :<\/strong><\/p>\n<ul>\n<li>Ordinaire : 06\/09\/14 (14h00 \u2013 16h00)<\/li>\n<li>Permanente : 24\/01\/15 (9h00 &#8211; 12h30)<\/li>\n<li>Permanente 20\/06\/15 (14h00 \u2013 18h00)<\/li>\n<\/ul>\n<p>&nbsp;<\/p>\n<p><strong>Axe \u00ab Ecole de la recherche \u00bb<\/strong> (responsable Christian Verrier)<\/p>\n<ul>\n<li>27\/09\/14 \u2013 29\/11\/14 \u2013 31\/01\/15 \u2013 28\/02\/15 \u2013 28\/03\/15 \u2013 25\/04\/15<\/li>\n<\/ul>\n<p>Axe \u00ab Culture et d\u00e9couvertes \u00bb (responsables Philippe Albaric et St\u00e9phanie Gailli\u00e8gue)<\/p>\n<ul>\n<li>04\/10\/14 \u2013 07\/02\/15 \u2013 04\/04\/15<\/li>\n<\/ul>\n<p><strong>Axe \u00ab Ecoformation<\/strong> : de l\u2019\u00e9cologie politique aux sagesses du monde \u00bb (responsables Odile Descamps et Eric Beaudout)<\/p>\n<ul>\n<li>11\/10\/14 \u2013 13\/12\/14 \u2013 14\/02\/15 \u2013 11\/04\/15 \u2013 13\/06\/15<\/li>\n<\/ul>\n<p><strong>Axe \u00ab Se former au num\u00e9rique tout au long de la vie \u00bb<\/strong> (responsables Lydie Rollin et Guillermo Lozano)<\/p>\n<ul>\n<li>18\/10\/14 \u2013 06\/12\/14 \u2013 24\/01\/15 \u2013 21\/03\/15<\/li>\n<\/ul>\n<p><strong>Axe \u00ab Pratiques de la sant\u00e9 et forma<\/strong>tion \u00bb (responsable Emmanuelle Jouet)<\/p>\n<ul>\n<li>25\/10\/14 \u2013 07\/03\/15 \u2013 06\/06\/15<\/li>\n<\/ul>\n<p><strong>Axe \u00ab Chant social <\/strong>\u00bb (responsable Stella Oudin)<\/p>\n<ul>\n<li>08\/11\/14 \u2013 17\/01\/15 \u2013 14\/03\/15<\/li>\n<\/ul>\n<p><strong>Axe \u00ab \u00c9ducation populaire \u00bb<\/strong> (responsable collectif Labocoop)<\/p>\n<ul>\n<li>22\/11\/14 \u2013 21\/02\/15 \u2013 18\/04\/15<\/li>\n<\/ul>\n<p><strong>Bilan <\/strong>dans une perspective r\u00e9flexive et th\u00e9orique des activit\u00e9s UCP :<\/p>\n<ul>\n<li>20\/06\/15 (9h00 \u2013 12h30)<\/li>\n<\/ul>\n<h4>Retour sur le <a href=\"http:\/\/www.9eprintemps.org\/\" target=\"_blank\" rel=\"noopener\">9\u00e8me printemps<\/a><\/h4>\n<p>Universit\u00e9s populaires repr\u00e9sent\u00e9es :<\/p>\n<p>&#8211; Association des Universit\u00e9s Populaires AUP<br \/>\n&#8211; Coop\u00e9rative des Savoirs<br \/>\n&#8211; Ecole populaire de Bologne, Italie<br \/>\n&#8211; Popular University of Social Movements \u2013 Coimbra, Portugal<br \/>\n&#8211; Universit\u00e9 Populaire Africaine UPAF &#8211; Suisse<br \/>\n&#8211; UP d&rsquo;Aix-en-Provence<br \/>\n&#8211; UP de Bordeaux UPB<br \/>\n&#8211; UP de Bruxelles, Belgique<br \/>\n&#8211; UP de Caen<br \/>\n&#8211;UP de Pau UPOP P\u00e9pini\u00e8re<br \/>\n&#8211; UP de Lyon, Unipop<br \/>\n&#8211; UP de Mont\u00e9limar<br \/>\n&#8211; UP de Narbonne<br \/>\n&#8211; UP de Ris-Orangis<br \/>\n&#8211; UP des Hautes-Seine<br \/>\n&#8211; Universit\u00e9 populaire et citoyennes de Roubaix<br \/>\n&#8211; UP de Paris 8 U2p8 &#8211; Volkshochschule L\u00fcdenscheid<\/p>\n","protected":false},"excerpt":{"rendered":"<p>Universit\u00e9 Coop\u00e9rative de Paris <\/p>\n<p>LE Site : http:\/\/www.ucp-paris.org\/ LA Plateforme : http:\/\/claroline.ucp-paris.org\/index.php LE facebook https:\/\/www.facebook.com\/pages\/LUniversit%C3%A9-Coop%C3%A9rative-de-Paris-UCP\/285578381556398 LE Twitter : https:\/\/twitter.com\/ChevalierPaul<\/p>\n<p>(Chaque samedi)<\/p>\n<p>AG UCP :<\/p>\n<p> Ordinaire : 06\/09\/14 (14h00 \u2013 16h00) Permanente : 24\/01\/15 (9h00 &#8211; 12h30) Permanente 20\/06\/15 (14h00 \u2013 18h00) <\/p>\n<p>&nbsp;<\/p>\n<p>Axe \u00ab Ecole de la recherche \u00bb (responsable Christian Verrier)<\/p>\n<p> 27\/09\/14 \u2013 29\/11\/14 [&#8230;]<\/p>\n","protected":false},"author":3,"featured_media":0,"comment_status":"open","ping_status":"open","sticky":false,"template":"","format":"standard","meta":{"footnotes":""},"categories":[4],"tags":[],"class_list":["post-1759","post","type-post","status-publish","format-standard","hentry","category-evenements","odd"],"_links":{"self":[{"href":"https:\/\/cis-h.fr\/AGRAF\/wp-json\/wp\/v2\/posts\/1759","targetHints":{"allow":["GET"]}}],"collection":[{"href":"https:\/\/cis-h.fr\/AGRAF\/wp-json\/wp\/v2\/posts"}],"about":[{"href":"https:\/\/cis-h.fr\/AGRAF\/wp-json\/wp\/v2\/types\/post"}],"author":[{"embeddable":true,"href":"https:\/\/cis-h.fr\/AGRAF\/wp-json\/wp\/v2\/users\/3"}],"replies":[{"embeddable":true,"href":"https:\/\/cis-h.fr\/AGRAF\/wp-json\/wp\/v2\/comments?post=1759"}],"version-history":[{"count":0,"href":"https:\/\/cis-h.fr\/AGRAF\/wp-json\/wp\/v2\/posts\/1759\/revisions"}],"wp:attachment":[{"href":"https:\/\/cis-h.fr\/AGRAF\/wp-json\/wp\/v2\/media?parent=1759"}],"wp:term":[{"taxonomy":"category","embeddable":true,"href":"https:\/\/cis-h.fr\/AGRAF\/wp-json\/wp\/v2\/categories?post=1759"},{"taxonomy":"post_tag","embeddable":true,"href":"https:\/\/cis-h.fr\/AGRAF\/wp-json\/wp\/v2\/tags?post=1759"}],"curies":[{"name":"wp","href":"https:\/\/api.w.org\/{rel}","templated":true}]}}