{"id":1764,"date":"2014-09-27T15:40:52","date_gmt":"2014-09-27T15:40:52","guid":{"rendered":"http:\/\/lllearning.free-h.net\/GRAF\/?p=1764"},"modified":"2014-09-27T15:40:52","modified_gmt":"2014-09-27T15:40:52","slug":"auto-eco-formation-2014-2015","status":"publish","type":"post","link":"https:\/\/cis-h.fr\/AGRAF\/2014\/09\/27\/auto-eco-formation-2014-2015\/","title":{"rendered":"Auto-eco-formation 2014-2015"},"content":{"rendered":"<h4>\u00ab\u00a0Entre \u00e9cologie politique et sagesses du monde\u00a0\u00bb<br \/>\nUne Recherche-Action existentielle et collective (RAEC)<\/h4>\n<p>Responsables : Odile Descamps et Eric Beaudout<br \/>\nen partenariat avec l&rsquo;A-GRAF (Association &#8211; Groupe de Recheche sur l\u2019Autoformation)<\/p>\n<p><a href=\"http:\/\/www.ucp-paris.org\/programme-2014-2015\/axe-auto-ecoformation-entre-ecologie-politique-et-sagesses-du-monde\/\" target=\"_blank\" rel=\"noopener\">http:\/\/www.ucp-paris.org\/programme-2014-2015\/axe-auto-ecoformation-entre-ecologie-politique-et-sagesses-du-monde\/<\/a><\/p>\n<h4>Prochaine rencontre :<\/h4>\n<p><strong>Date<\/strong> : Samedi 11 octobre 2014 de 14h00 \u00e0 18h00<br \/>\n<strong>Lieu <\/strong>: CNAM Paris &#8211; 292, rue Saint-Martin 75003 (M\u00e9tro ligne 3 ou 11,  station : Arts et m\u00e9tiers OU M\u00e9tro ligne 4 station R\u00e9aumur-S\u00e9bastopol).<br \/>\nSalle 17.1.05. Se munir d&rsquo;une carte d&rsquo;identit\u00e9 qui pourrait \u00eatre demand\u00e9e \u00e0 l&rsquo;entr\u00e9e.<br \/>\nLors de la 1\u00e8re s\u00e9ance du groupe de recherche-action UCP &amp; A-GRAF,  nous discuterons et choisirons ensemble la th\u00e9matique qui traversera les  s\u00e9ances de l&rsquo;ann\u00e9e de fa\u00e7on \u00e0 ce que chacun puisse trouver sa place au  sein de ce groupe en pr\u00e9cisant la probl\u00e9matique \u00ab Auto-\u00e9co-formation :  entre \u00e9cologie politique et sagesses du monde \u00bb.<br \/>\nNous vous rappelons que ces s\u00e9ances sont ouvertes \u00e0 toute personne qui  souhaite par un travail de recherche collective et impliqu\u00e9e poursuivre  son cheminement formateur quels que soient son niveau et ses pratiques  \u00e9cologiques, qu&rsquo;elle soit d\u00e9j\u00e0 ou non familiaris\u00e9e avec le domaine de l\u2019<strong>\u00c9ducation et de la Formation relatives \u00e0 l&rsquo;Environnement.<\/strong><br \/>\n<strong>Informez-nous<\/strong> de votre venue s\u2019il vous plait en nous \u00e9crivant : <a href=\"mailto:ucp075@gmail.com\">ucp075@gmail.com<\/a><\/p>\n<p>&nbsp;<\/p>\n","protected":false},"excerpt":{"rendered":"<p>\u00ab Entre \u00e9cologie politique et sagesses du monde \u00bb Une Recherche-Action existentielle et collective (RAEC) <\/p>\n<p>Responsables : Odile Descamps et Eric Beaudout en partenariat avec l&rsquo;A-GRAF (Association &#8211; Groupe de Recheche sur l\u2019Autoformation)<\/p>\n<p>http:\/\/www.ucp-paris.org\/programme-2014-2015\/axe-auto-ecoformation-entre-ecologie-politique-et-sagesses-du-monde\/<\/p>\n<p> Prochaine rencontre : <\/p>\n<p>Date : Samedi 11 octobre 2014 de 14h00 \u00e0 18h00 Lieu : CNAM Paris &#8211; 292, rue Saint-Martin [&#8230;]<\/p>\n","protected":false},"author":3,"featured_media":0,"comment_status":"open","ping_status":"open","sticky":false,"template":"","format":"standard","meta":{"footnotes":""},"categories":[4],"tags":[],"class_list":["post-1764","post","type-post","status-publish","format-standard","hentry","category-evenements","odd"],"_links":{"self":[{"href":"https:\/\/cis-h.fr\/AGRAF\/wp-json\/wp\/v2\/posts\/1764","targetHints":{"allow":["GET"]}}],"collection":[{"href":"https:\/\/cis-h.fr\/AGRAF\/wp-json\/wp\/v2\/posts"}],"about":[{"href":"https:\/\/cis-h.fr\/AGRAF\/wp-json\/wp\/v2\/types\/post"}],"author":[{"embeddable":true,"href":"https:\/\/cis-h.fr\/AGRAF\/wp-json\/wp\/v2\/users\/3"}],"replies":[{"embeddable":true,"href":"https:\/\/cis-h.fr\/AGRAF\/wp-json\/wp\/v2\/comments?post=1764"}],"version-history":[{"count":0,"href":"https:\/\/cis-h.fr\/AGRAF\/wp-json\/wp\/v2\/posts\/1764\/revisions"}],"wp:attachment":[{"href":"https:\/\/cis-h.fr\/AGRAF\/wp-json\/wp\/v2\/media?parent=1764"}],"wp:term":[{"taxonomy":"category","embeddable":true,"href":"https:\/\/cis-h.fr\/AGRAF\/wp-json\/wp\/v2\/categories?post=1764"},{"taxonomy":"post_tag","embeddable":true,"href":"https:\/\/cis-h.fr\/AGRAF\/wp-json\/wp\/v2\/tags?post=1764"}],"curies":[{"name":"wp","href":"https:\/\/api.w.org\/{rel}","templated":true}]}}