{"id":1785,"date":"2014-10-07T06:46:47","date_gmt":"2014-10-07T06:46:47","guid":{"rendered":"http:\/\/lllearning.free-h.net\/GRAF\/?p=1785"},"modified":"2014-10-07T06:46:47","modified_gmt":"2014-10-07T06:46:47","slug":"e-formation-des-adultes-et-des-jeunes-adultes","status":"publish","type":"post","link":"https:\/\/cis-h.fr\/AGRAF\/2014\/10\/07\/e-formation-des-adultes-et-des-jeunes-adultes\/","title":{"rendered":"\u00ab e-Formation des adultes et des jeunes adultes \u00bb"},"content":{"rendered":"<h4 style=\"text-align: center;\">Colloque scientifique international<br \/>\ndu 03 au 05 Juin 2015<br \/>\n\u00e0 T\u00e9l\u00e9com-Lille, Cit\u00e9 Scientifique, Universit\u00e9 Lille 1 (Villeneuve d\u2019Ascq)<\/h4>\n<p style=\"text-align: center;\"><a href=\"http:\/\/www.trigone.univ-lille1.fr\/eformation2015\" target=\"_blank\" rel=\"noopener\">http:\/\/www.trigone.univ-lille1.fr\/eformation2015<\/a><\/p>\n<p style=\"text-align: center;\">organis\u00e9 par l\u2019\u00e9quipe TRIGONE, Laboratoire CIREL<br \/>\n(Centre Interuniversitaire de Recherche en Education de Lille, EA 4354)<\/p>\n<p><span style=\"font-family: Times New Roman,serif;\"><span style=\"font-size: small;\"><strong>Contexte du             colloque <\/strong><\/span><\/span><\/p>\n<p><span style=\"font-family: Times New Roman,serif;\"><span style=\"font-size: small;\">Les d\u00e9fis           socio-\u00e9conomiques et \u00e9ducatifs li\u00e9s \u00e0 la e-Formation des           adultes et des jeunes adultes &#8211; que ce soit en entreprises, en           organismes de formation ou dans l\u2019enseignement sup\u00e9rieur &#8211;           sont de taille, notamment au regard de l\u2019augmentation de la           demande sociale de formation et de qualification, au           d\u00e9ploiement des politiques publiques et d\u2019initiatives priv\u00e9es           de formation tout au long de la vie \u00e0 l\u2019\u00e9chelle nationale,           europ\u00e9enne et internationale. Les connaissances produites par           la recherche sur la e-Formation de ces publics constituent des           ressources th\u00e9oriques et conceptuelles pour le d\u00e9veloppement           de nouvelles modalit\u00e9s d\u2019apprentissage s\u2019appuyant sur les           technologies et services num\u00e9riques. Or, cette recherche est           encore peu structur\u00e9e, pluri-disciplinaire, \u00e0 ce jour           minoritaire en sciences humaines et sociales. <\/span><\/span><\/p>\n<p><span style=\"font-family: Times New Roman,serif;\"><span style=\"font-size: small;\"><strong>Objectifs du colloque <\/strong><\/span><\/span><\/p>\n<p><span style=\"font-family: Times New Roman,serif;\"><span style=\"font-size: small;\">Le colloque           vise notamment \u00e0\u00a0: <\/span><\/span><\/p>\n<ul>\n<li><span style=\"font-family: Times New Roman,serif;\"><span style=\"font-size: small;\">mobiliser les chercheurs               du domaine et contribuer ainsi \u00e0 l\u2019\u00e9mergence d\u2019une               communaut\u00e9 scientifique internationale en lien avec la               th\u00e9matique du colloque\u00a0; <\/span><\/span><\/li>\n<li><span style=\"font-family: Times New Roman,serif;\"><span style=\"font-size: small;\">participer au               d\u00e9veloppement d\u2019une dynamique inter-disciplinaire de               recherche en e-Formation ; ce domaine \u00e9tant investi \u00e0 la               fois par les sciences de l\u2019\u00e9ducation, la psychologie, la               sociologie, l\u2019informatique ou encore les sciences de               l\u2019information et de la communication\u00a0; <\/span><\/span><\/li>\n<li><span style=\"font-family: Times New Roman,serif;\"><span style=\"font-size: small;\">favoriser la rencontre et               l\u2019enrichissement mutuel entre la recherche et le milieu               professionnel du domaine, en proposant \u00e0 la fois des               communications\/symposiums scientifiques et des               communications de type \u00ab\u00a0retours d\u2019exp\u00e9rience\u00a0\u00bb\u00a0;<\/span><\/span><\/li>\n<\/ul>\n<ul>\n<li><span style=\"font-family: Times New Roman,serif;\"><span style=\"font-size: small;\">valoriser les travaux               conduits par des jeunes chercheurs du domaine (doctorants,               post-doctorants, r\u00e9cents docteurs) par la mise en \u0153uvre               d\u2019un concours attribuant un prix\u00a0; <\/span><\/span><\/li>\n<\/ul>\n<ul>\n<li><span style=\"font-family: Times New Roman,serif;\"><span style=\"font-size: small;\">contribuer au               d\u00e9veloppement de partenariats \u00ab\u00a0entreprises &#8211;               laboratoires\u00a0\u00bb par la mise en \u0153uvre d\u2019ateliers               d\u2019informations et d\u2019\u00e9changes sur les financements               possibles de projets de recherche en e-Formation.<\/span><\/span><\/li>\n<\/ul>\n","protected":false},"excerpt":{"rendered":"<p>Colloque scientifique international du 03 au 05 Juin 2015 \u00e0 T\u00e9l\u00e9com-Lille, Cit\u00e9 Scientifique, Universit\u00e9 Lille 1 (Villeneuve d\u2019Ascq) <\/p>\n<p style=\"text-align: center;\">http:\/\/www.trigone.univ-lille1.fr\/eformation2015<\/p>\n<p style=\"text-align: center;\">organis\u00e9 par l\u2019\u00e9quipe TRIGONE, Laboratoire CIREL (Centre Interuniversitaire de Recherche en Education de Lille, EA 4354)<\/p>\n<p>Contexte du colloque <\/p>\n<p>Les d\u00e9fis socio-\u00e9conomiques et \u00e9ducatifs li\u00e9s \u00e0 la e-Formation des adultes et [&#8230;]<\/p>\n","protected":false},"author":3,"featured_media":0,"comment_status":"open","ping_status":"open","sticky":false,"template":"","format":"standard","meta":{"footnotes":""},"categories":[4],"tags":[],"class_list":["post-1785","post","type-post","status-publish","format-standard","hentry","category-evenements","odd"],"_links":{"self":[{"href":"https:\/\/cis-h.fr\/AGRAF\/wp-json\/wp\/v2\/posts\/1785","targetHints":{"allow":["GET"]}}],"collection":[{"href":"https:\/\/cis-h.fr\/AGRAF\/wp-json\/wp\/v2\/posts"}],"about":[{"href":"https:\/\/cis-h.fr\/AGRAF\/wp-json\/wp\/v2\/types\/post"}],"author":[{"embeddable":true,"href":"https:\/\/cis-h.fr\/AGRAF\/wp-json\/wp\/v2\/users\/3"}],"replies":[{"embeddable":true,"href":"https:\/\/cis-h.fr\/AGRAF\/wp-json\/wp\/v2\/comments?post=1785"}],"version-history":[{"count":0,"href":"https:\/\/cis-h.fr\/AGRAF\/wp-json\/wp\/v2\/posts\/1785\/revisions"}],"wp:attachment":[{"href":"https:\/\/cis-h.fr\/AGRAF\/wp-json\/wp\/v2\/media?parent=1785"}],"wp:term":[{"taxonomy":"category","embeddable":true,"href":"https:\/\/cis-h.fr\/AGRAF\/wp-json\/wp\/v2\/categories?post=1785"},{"taxonomy":"post_tag","embeddable":true,"href":"https:\/\/cis-h.fr\/AGRAF\/wp-json\/wp\/v2\/tags?post=1785"}],"curies":[{"name":"wp","href":"https:\/\/api.w.org\/{rel}","templated":true}]}}