{"id":1809,"date":"2015-01-23T13:47:15","date_gmt":"2015-01-23T13:47:15","guid":{"rendered":"http:\/\/lllearning.free-h.net\/GRAF\/?p=1809"},"modified":"2015-01-23T13:47:15","modified_gmt":"2015-01-23T13:47:15","slug":"nouvelles-de-luniversite-cooperative-de-paris","status":"publish","type":"post","link":"https:\/\/cis-h.fr\/AGRAF\/2015\/01\/23\/nouvelles-de-luniversite-cooperative-de-paris\/","title":{"rendered":"Nouvelles de l&rsquo;Universit\u00e9 Coop\u00e9rative de Paris"},"content":{"rendered":"<ul>\n<li>\n<h4><span style=\"color: #000000;\"><strong>Samedi 24 janvier 2015<\/strong> <strong>de 10h \u00e0 12h<\/strong>, <strong> <\/strong>Centre Suzanne Masson<\/span><\/h4>\n<\/li>\n<\/ul>\n<p style=\"padding-left: 60px;\"><strong><span style=\"color: #000000;\">Assembl\u00e9e G\u00e9n\u00e9rale <\/span><span style=\"color: #000000;\"> <\/span><\/strong><span style=\"color: #000000; font-family: Times New Roman;\"> <\/span><\/p>\n<p style=\"padding-left: 60px;\"><strong><span style=\"color: #000000;\">Lieu : <\/span><\/strong><span style=\"color: #000000;\">Centre Suzanne Masson, 41, avenue du docteur Arnold Netter \u2013 75012 Paris<\/span><\/p>\n<p style=\"padding-left: 60px;\"><span style=\"color: #000000; font-family: Times New Roman;\"> <\/span><\/p>\n<p style=\"padding-left: 60px;\"><span style=\"color: #000000;\"><em>M\u00e9tro<\/em> : ligne 1 (Porte de Vincennes), ligne 2 (Nation) ou ligne 6 (Picpus ou Nation).<\/span><\/p>\n<p style=\"padding-left: 60px;\"><span style=\"color: #000000; font-family: Times New Roman;\"> <\/span><\/p>\n<p style=\"padding-left: 60px;\"><span style=\"color: #000000;\"><em>Bus<\/em> : lignes 29 et 56 \u2013 arr\u00eat Arnold Netter, ligne 62 \u2013 arr\u00eat Arnold Netter ou H\u00f4pital Trousseau<\/span><span style=\"color: #000000;\">.<\/span><\/p>\n<p style=\"padding-left: 60px;\"><span style=\"color: #000000;\"><a href=\"http:\/\/lllearning.free-h.net\/GRAF\/wp-content\/uploads\/2015\/01\/UCP_AG_24janv2015_convoc.doc\">UCP_AG_24 janv2015_convocation et pouvoir<\/a><br \/>\n<\/span><\/p>\n<ul>\n<li>\n<h4><span style=\"color: #000000;\">Samedi 24 janvier 2015 de <strong>14h \u00e0 18h, <strong> <\/strong>Centre Suzanne Masson<\/strong><\/span><\/h4>\n<\/li>\n<\/ul>\n<p style=\"padding-left: 60px;\"><span style=\"color: #000000;\">Lydie et Guillermo vous proposent\u00a0<strong> <\/strong>leur troisi\u00e8me s\u00e9ance de l&rsquo;axe \u00ab\u00a0<strong>Se former au num\u00e9rique tout au long de la vie\u00a0\u00bb<\/strong><\/span><\/p>\n<p style=\"padding-left: 60px;\">Aujourd&rsquo;hui, nous sommes tous producteurs de contenus. Internet nous offre ce champ de libert\u00e9 \u00e0 partager. C&rsquo;est le fruit d&rsquo;un travail collaboratif comme Wikip\u00e9dia ou encore le la\u00efus des communaut\u00e9s de d\u00e9veloppeurs qui se lancent dans la cr\u00e9ation et l&rsquo;\u00e9volution de logiciels open-source. De plus, \u00e0 moindre \u00e9chelle, les forums et Internet nous permettent d&rsquo;\u00e9changer plus facilement qu&rsquo;auparavant, de favoriser le troc, l&rsquo;\u00e9change d&rsquo;objets et la co-construction de savoirs. Les MOOCs viennent \u00e0 nouveau renforcer cette id\u00e9e puisque nous sommes face \u00e0 des contenus livr\u00e9s gratuitement o\u00f9 des communaut\u00e9s partage ensemble des savoirs et viennent les enrichir sur les espaces collaboratifs mis \u00e0 disposition (forum, wiki, \u00e9valuation entre les pairs&#8230;).<span style=\"font-family: Calibri;\"> <\/span><\/p>\n<p style=\"padding-left: 60px;\"><span style=\"color: #000000; font-family: Times New Roman;\"> <\/span><\/p>\n<p style=\"padding-left: 60px;\">Ainsi, nous d\u00e9battrons dans cette s\u00e9ance d&rsquo;Internet comme un fablab populaire, une usine \u00e0 biens num\u00e9riques communs\u00a0! Rejoignez-nous\u00a0!<\/p>\n<ul>\n<li>\n<h4><strong>Samedi 31 janvier <\/strong>2015 de 14h \u00e0 18h, <strong> <\/strong>Centre Suzanne Masson<\/h4>\n<\/li>\n<\/ul>\n<p style=\"padding-left: 60px;\">3\u00e8me s\u00e9ance de l&rsquo;axe \u00ab\u00a0<span style=\"color: #0033cc;\"><strong>\u00c9cole de la recherche\u00a0\u00bb, <\/strong><span style=\"color: #000000;\">s\u00e9ance anim\u00e9e par Christian Verrier.<\/span><\/span><\/p>\n<p style=\"padding-left: 60px;\"><span style=\"color: #000000;\">Cette s\u00e9ance s\u2019articulera en fonction du dispositif d\u00e9cid\u00e9 par le groupe pr\u00e9sent lors de la 1<\/span><span><sup><span style=\"color: #000000;\">\u00e8re<\/span><\/sup><span style=\"color: #000000;\"> s\u00e9ance de l\u2019\u00e9cole de la recherche.<\/span><\/span><\/p>\n<p style=\"padding-left: 60px;\"><span style=\"color: #000000; font-family: Times New Roman;\"> <\/span><\/p>\n<p style=\"padding-left: 60px;\">1\u00b0) Un tour de table d&rsquo;une heure o\u00f9 chacun exprimera son \u00ab\u00a0actualit\u00e9\u00a0\u00bb de la recherche, la sienne propre, ou plus g\u00e9n\u00e9rale.<\/p>\n<p style=\"padding-left: 60px;\"><span style=\"color: #000000; font-family: Times New Roman;\"> <\/span><\/p>\n<p style=\"padding-left: 60px;\">2\u00b0) Nicolas Fasseur nous pr\u00e9sentera tr\u00e8s en d\u00e9tail sa recherche, pendant 45 minutes. Il pr\u00e9sentera sa probl\u00e9matique, sa question principale, sa m\u00e9thode, ses techniques, son terrain, ses hypoth\u00e8ses, ses r\u00e9sultats, ses difficult\u00e9s, ses r\u00e9ussites, ses impasses, etc&#8230; tout ceci en mettant en lumi\u00e8re l&rsquo;\u00e9cart entre sa \u00ab\u00a0recherche r\u00eav\u00e9e\u00a0\u00bb et sa \u00ab\u00a0recherche subie\u00a0\u00bb.<\/p>\n<p style=\"padding-left: 60px;\"><span style=\"color: #000000; font-family: Times New Roman;\"> <\/span><\/p>\n<p style=\"padding-left: 60px;\">3\u00b0) Discussion critique en association libre d&rsquo;id\u00e9es les plus diverses, \u00e0 partir de l\u2019expos\u00e9 pr\u00e9c\u00e9dent, afin d&rsquo;approfondir la d\u00e9marche de recherche et que chacun puisse s&rsquo;enrichir des \u00e9changes (qu&rsquo;il pourra dans bien des cas rapporter \u00e0 sa recherche personnelle, puisque du g\u00e9n\u00e9ral se tient toujours dans le particulier).<\/p>\n<ul>\n<li>\n<h4><span style=\"color: #000000;\"><strong>Rappel<br \/>\n<\/strong><\/span><\/h4>\n<\/li>\n<\/ul>\n<p><span style=\"color: #000000; font-family: Times New Roman;\"> <\/span><\/p>\n<p style=\"padding-left: 60px;\"><span style=\"color: #000000;\">Ces s\u00e9ances de l&rsquo;\u00e9cole de la recherche sont ouvertes \u00e0 toute personne qui m\u00e8ne ou souhaite mener un travail de recherche, quel que soit son niveau scolaire (dipl\u00f4m\u00e9 ou non dipl\u00f4m\u00e9), qu\u2019elle soit d\u00e9j\u00e0 ou non familiaris\u00e9e avec les m\u00e9thodologies de la recherche. Ce travail peut aussi bien \u00eatre men\u00e9 dans un cadre institutionnel (Universit\u00e9, \u00c9cole, entreprise, etc.) qu\u2019en toute ind\u00e9pendance.<\/span><span style=\"color: #000000; font-family: Times New Roman;\"> <\/span><\/p>\n<p><span style=\"color: #000000;\"> <\/span><\/p>\n<p><span style=\"color: #000000; font-family: Times New Roman;\"> <\/span><\/p>\n<h4>Informez-nous de votre venue s\u2019il vous plait en nous \u00e9crivant :<span style=\"color: #000000;\"> <\/span><a href=\"mailto:ucp075@gmail.com\" target=\"_blank\" rel=\"noopener\">ucp075@gmail.com<\/a><\/h4>\n","protected":false},"excerpt":{"rendered":"<p> Samedi 24 janvier 2015 de 10h \u00e0 12h, Centre Suzanne Masson <\/p>\n<p style=\"padding-left: 60px;\">Assembl\u00e9e G\u00e9n\u00e9rale <\/p>\n<p style=\"padding-left: 60px;\">Lieu : Centre Suzanne Masson, 41, avenue du docteur Arnold Netter \u2013 75012 Paris<\/p>\n<p style=\"padding-left: 60px;\">\n<p style=\"padding-left: 60px;\">M\u00e9tro : ligne 1 (Porte de Vincennes), ligne 2 (Nation) ou ligne 6 (Picpus ou Nation).<\/p>\n<p> [&#8230;]<\/p>\n","protected":false},"author":3,"featured_media":0,"comment_status":"open","ping_status":"open","sticky":false,"template":"","format":"standard","meta":{"footnotes":""},"categories":[4],"tags":[],"class_list":["post-1809","post","type-post","status-publish","format-standard","hentry","category-evenements","odd"],"_links":{"self":[{"href":"https:\/\/cis-h.fr\/AGRAF\/wp-json\/wp\/v2\/posts\/1809","targetHints":{"allow":["GET"]}}],"collection":[{"href":"https:\/\/cis-h.fr\/AGRAF\/wp-json\/wp\/v2\/posts"}],"about":[{"href":"https:\/\/cis-h.fr\/AGRAF\/wp-json\/wp\/v2\/types\/post"}],"author":[{"embeddable":true,"href":"https:\/\/cis-h.fr\/AGRAF\/wp-json\/wp\/v2\/users\/3"}],"replies":[{"embeddable":true,"href":"https:\/\/cis-h.fr\/AGRAF\/wp-json\/wp\/v2\/comments?post=1809"}],"version-history":[{"count":0,"href":"https:\/\/cis-h.fr\/AGRAF\/wp-json\/wp\/v2\/posts\/1809\/revisions"}],"wp:attachment":[{"href":"https:\/\/cis-h.fr\/AGRAF\/wp-json\/wp\/v2\/media?parent=1809"}],"wp:term":[{"taxonomy":"category","embeddable":true,"href":"https:\/\/cis-h.fr\/AGRAF\/wp-json\/wp\/v2\/categories?post=1809"},{"taxonomy":"post_tag","embeddable":true,"href":"https:\/\/cis-h.fr\/AGRAF\/wp-json\/wp\/v2\/tags?post=1809"}],"curies":[{"name":"wp","href":"https:\/\/api.w.org\/{rel}","templated":true}]}}