{"id":1828,"date":"2015-04-15T12:05:48","date_gmt":"2015-04-15T12:05:48","guid":{"rendered":"http:\/\/lllearning.free-h.net\/GRAF\/?p=1828"},"modified":"2015-04-15T12:05:48","modified_gmt":"2015-04-15T12:05:48","slug":"education-et-violences","status":"publish","type":"post","link":"https:\/\/cis-h.fr\/AGRAF\/2015\/04\/15\/education-et-violences\/","title":{"rendered":"Education et violences"},"content":{"rendered":"<h5><a href=\"http:\/\/lllearning.free-h.net\/GRAF\/wp-content\/uploads\/2015\/04\/mEHU550JSHfJZ3Gww37EdOdU_3b3hRW5k0kOopAlIBkJiiiFEIRFCuT7T0mqN-1tBYWBBgIn_sW92prznOIIkdSfJmgfAEG_x8zzHfqPs0-d-e1-ft.jpg\"><img loading=\"lazy\" decoding=\"async\" class=\"alignleft size-full wp-image-1832\" title=\"mEHU550JSHfJZ3Gww37EdOdU_3b3hRW5k0kOopAlIBkJiiiFEIRFCuT7T0mqN-1tBYWBBgIn_sW92prznOIIkdSfJmgfAEG_x8zzHfqP=s0-d-e1-ft\" src=\"http:\/\/lllearning.free-h.net\/GRAF\/wp-content\/uploads\/2015\/04\/mEHU550JSHfJZ3Gww37EdOdU_3b3hRW5k0kOopAlIBkJiiiFEIRFCuT7T0mqN-1tBYWBBgIn_sW92prznOIIkdSfJmgfAEG_x8zzHfqPs0-d-e1-ft.jpg\" alt=\"\" width=\"200\" height=\"310\" \/><\/a>R\u00e9mi Casanova et S\u00e9bastien Pesce (\u00e9ds.), <em>La Violence en Institution Situations Critiques et Significations<\/em>, Presses Universitaires de Rennes, 2015<\/h5>\n<p>avec les contributions de : Miriam Abramovay, Pierre Delion, B\u00e9atrice Fracchiolla, Marie-Laure Gamet, David Le Breton, Claudine Mo\u00efse, Jacques Pain, Pierre P\u00e9rier, Eirick Prairat, Christina Romain, St\u00e9phanie Rubi.<\/p>\n<p>Les  d\u00e9bats sur la violence en institution se multiplient, en entretenant  deux mythes. Le premier r\u00e9sulte d\u2019une psychologisation \u00e0 outrance de la  violence qui r\u00e9duit l\u2019analyse des causes \u00e0 la responsabilit\u00e9  individuelle. Le second d\u00e9crit les institutions comme des entit\u00e9s  stables et durables : elles auraient ainsi parfaitement fonctionn\u00e9 de  toute \u00e9ternit\u00e9, jusqu\u2019\u00e0 ce que le d\u00e9r\u00e8glement de la soci\u00e9t\u00e9 les  transforme en victimes impuissantes de violences dont elles ne sont  jamais la cause.<\/p>\n<p>Cet  ouvrage propose de d\u00e9construire ces deux repr\u00e9sentations, en  d\u00e9veloppant une analyse situationnelle d\u2019une violence pens\u00e9e comme un  effet de contexte par lequel les agencements entre sujets, organisations  et valeurs viennent se heurter&#8230; des \u00ab rencontres rat\u00e9es \u00bb que l\u2019on  peut pr\u00e9venir si l\u2019on repense l\u2019institution comme un environnement  symbolique complexe, au sein duquel les significations jouent un r\u00f4le  d\u00e9terminant.<\/p>\n<p>Dix  contributions \u00e9clairent cette probl\u00e9matique en explorant le champ  scolaire, les violences sexuelles, les massacres scolaires, les usages  du courrier \u00e9lectronique, mais aussi les questions de la d\u00e9ontologie  enseignante et de la violence originelle, les mythes fondateurs des  institutions et la figure du bouc \u00e9missaire.<\/p>\n<table cellspacing=\"2px\" cellpadding=\"5px\" width=\"100%\">\n<tbody>\n<tr>\n<td width=\"600\" valign=\"top\"><strong>Sommaire<\/strong><\/td>\n<\/tr>\n<\/tbody>\n<\/table>\n<table cellspacing=\"2px\" cellpadding=\"5px\" width=\"100%\">\n<tbody>\n<tr>\n<td width=\"600\" valign=\"top\">\n<p style=\"padding-left: 30px;\"><span style=\"color: #000000;\"><strong>S\u00e9bastien Pesce<\/strong><br \/>\nIntroduction\u00a0: La \u00ab\u00a0violence en institution\u00a0\u00bb comme effet de sens en contexte&#8230;vers une responsabilit\u00e9 assum\u00e9e du sujet collectif<\/span><\/p>\n<p style=\"padding-left: 30px;\"><span style=\"color: #000000;\"><strong>Pierre Delion<\/strong><br \/>\nEnfant, violence et institution<\/span><\/p>\n<p style=\"padding-left: 30px;\"><span style=\"color: #000000;\"><strong>R\u00e9mi Casanova<\/strong><br \/>\nLe bouc \u00e9missaire en institution, retour sur un ph\u00e9nom\u00e8ne in\u00e9vitable ?<\/span><\/p>\n<p style=\"padding-left: 30px;\"><span style=\"color: #000000;\"><strong>Miriam Abramovay et Jacques Pain<\/strong><br \/>\nL\u2019\u00e9cole et ses violences\u00a0: le parall\u00e8le France-Br\u00e9sil<\/span><\/p>\n<p style=\"padding-left: 30px;\"><span style=\"color: #000000;\"><strong>S\u00e9bastien Pesce<\/strong><br \/>\nSignifications de la violence, violence des significations\u00a0: violence s\u00e9miotique dans l\u2019espace scolaire<\/span><\/p>\n<p style=\"padding-left: 30px;\"><span style=\"color: #000000;\"><strong>Pierre P\u00e9rier<\/strong><br \/>\nClasses populaires et violence de l\u2019institution scolaire<\/span><\/p>\n<p style=\"padding-left: 30px;\"><span style=\"color: #000000;\"><strong>St\u00e9phanie Rubi<\/strong><br \/>\nLe mauvais genre des d\u00e9sordres scolaires\u00a0: des adolescentes \u00ab\u00a0violentes\u00a0\u00bb<\/span><\/p>\n<p style=\"padding-left: 30px;\"><span style=\"color: #000000;\"><strong>Eirick Prairat<\/strong><br \/>\nLes institutions \u00e0 l\u2019heure d\u00e9ontologique. Consistance \u00e9ducative et coh\u00e9rence collective<\/span><\/p>\n<p style=\"padding-left: 30px;\"><span style=\"color: #000000;\"><strong>Claudine Mo\u00efse et Marie-Laure Gamet<\/strong><br \/>\nParler de sexualit\u00e9 et violence institutionnelle<\/span><\/p>\n<p style=\"padding-left: 30px;\"><span style=\"color: #000000;\"><strong>B\u00e9atrice Fracchiolla et Christina Romain<\/strong><br \/>\nMont\u00e9e en tension et usages du courriel universitaire<\/span><\/p>\n<p style=\"padding-left: 30px;\"><span style=\"color: #000000;\"><strong>David Le Breton<\/strong><br \/>\nLes adolescents tueurs scolaires<\/span><\/p>\n<p style=\"padding-left: 30px;\"><span style=\"color: #000000;\"><strong>R\u00e9mi Casanova<\/strong><br \/>\nConclusion\u00a0: Les violences institutionnelles, des violences en institution aux violences de l\u2019institution&#8230; et inversement<\/span><\/p>\n<\/td>\n<\/tr>\n<\/tbody>\n<\/table>\n<table border=\"0\" cellspacing=\"0\" cellpadding=\"0\" width=\"280\">\n<tbody>\n<tr>\n<td><\/td>\n<\/tr>\n<tr>\n<td><a href=\"http:\/\/url.snd15.ch\/url-484345689-2321741-13042015.html\">Bon de commande<\/a><a href=\"mailbox:\/\/\/C:\/Users\/Pierre\/AppData\/Roaming\/Thunderbird\/Profiles\/mixnc80z.default\/Mail\/pop.free.fr\/Inbox?number=59219023#\"> \u00bb<\/a>&nbsp;<\/p>\n<p><a href=\"http:\/\/url.snd15.ch\/url-484345689-2321742-13042015.html\">Page de l&rsquo;\u00e9diteur<\/a><a href=\"mailbox:\/\/\/C:\/Users\/Pierre\/AppData\/Roaming\/Thunderbird\/Profiles\/mixnc80z.default\/Mail\/pop.free.fr\/Inbox?number=59219023#\"> \u00bb<\/a><\/td>\n<\/tr>\n<\/tbody>\n<\/table>\n<p>&nbsp;<\/p>\n<p><strong>On peut consulter sur ce sujet :<\/strong><\/p>\n<p><a href=\"http:\/\/www.cma-lifelonglearning.org\/lll\/?p=884\" target=\"_blank\" rel=\"noopener\">Apprendre la Paix par des pairs-m\u00e9diateurs<\/a><\/p>\n<p><a href=\"http:\/\/www.ecolechangerdecap.net\/spip.php?article253\" target=\"_blank\" rel=\"noopener\">Gestion de la violence \u00e0 l&rsquo;\u00e9cole<\/a><br \/>\nL&rsquo;\u00e9cole: changer de cap, novembre 2013. La m\u00e9diation par les pairs et le harc\u00e8lement entre \u00e9l\u00e8ves.<\/p>\n","protected":false},"excerpt":{"rendered":"<p>R\u00e9mi Casanova et S\u00e9bastien Pesce (\u00e9ds.), La Violence en Institution Situations Critiques et Significations, Presses Universitaires de Rennes, 2015 <\/p>\n<p>avec les contributions de : Miriam Abramovay, Pierre Delion, B\u00e9atrice Fracchiolla, Marie-Laure Gamet, David Le Breton, Claudine Mo\u00efse, Jacques Pain, Pierre P\u00e9rier, Eirick Prairat, Christina Romain, St\u00e9phanie Rubi.<\/p>\n<p>Les d\u00e9bats sur la violence en institution se [&#8230;]<\/p>\n","protected":false},"author":3,"featured_media":0,"comment_status":"open","ping_status":"open","sticky":false,"template":"","format":"standard","meta":{"footnotes":""},"categories":[7],"tags":[],"class_list":["post-1828","post","type-post","status-publish","format-standard","hentry","category-biblio","odd"],"_links":{"self":[{"href":"https:\/\/cis-h.fr\/AGRAF\/wp-json\/wp\/v2\/posts\/1828","targetHints":{"allow":["GET"]}}],"collection":[{"href":"https:\/\/cis-h.fr\/AGRAF\/wp-json\/wp\/v2\/posts"}],"about":[{"href":"https:\/\/cis-h.fr\/AGRAF\/wp-json\/wp\/v2\/types\/post"}],"author":[{"embeddable":true,"href":"https:\/\/cis-h.fr\/AGRAF\/wp-json\/wp\/v2\/users\/3"}],"replies":[{"embeddable":true,"href":"https:\/\/cis-h.fr\/AGRAF\/wp-json\/wp\/v2\/comments?post=1828"}],"version-history":[{"count":0,"href":"https:\/\/cis-h.fr\/AGRAF\/wp-json\/wp\/v2\/posts\/1828\/revisions"}],"wp:attachment":[{"href":"https:\/\/cis-h.fr\/AGRAF\/wp-json\/wp\/v2\/media?parent=1828"}],"wp:term":[{"taxonomy":"category","embeddable":true,"href":"https:\/\/cis-h.fr\/AGRAF\/wp-json\/wp\/v2\/categories?post=1828"},{"taxonomy":"post_tag","embeddable":true,"href":"https:\/\/cis-h.fr\/AGRAF\/wp-json\/wp\/v2\/tags?post=1828"}],"curies":[{"name":"wp","href":"https:\/\/api.w.org\/{rel}","templated":true}]}}