{"id":1845,"date":"2015-04-18T09:32:42","date_gmt":"2015-04-18T09:32:42","guid":{"rendered":"http:\/\/lllearning.free-h.net\/GRAF\/?p=1845"},"modified":"2015-04-18T09:32:42","modified_gmt":"2015-04-18T09:32:42","slug":"le-feu-vecu-experiences-de-feux-eco-transformateurs","status":"publish","type":"post","link":"https:\/\/cis-h.fr\/AGRAF\/2015\/04\/18\/le-feu-vecu-experiences-de-feux-eco-transformateurs\/","title":{"rendered":"Le feu v\u00e9cu : exp\u00e9riences de feux \u00e9co-transformateurs"},"content":{"rendered":"<h4>Pascal Galvani, Gaston Pineau, Mohammed Taleb (coordinateurs) \/ Pr\u00e9face de J.J.Wunenburger<\/h4>\n<p>\u00c9cologie et formation, L&rsquo;Harmattan, 2015<\/p>\n<blockquote>\n<p style=\"text-align: justify;\"><em>Apr\u00e8s De l\u2019air ! Essai sur l\u2019\u00e9coformation<\/em> en 1992 (r\u00e9\u00e9dition 2015), <em>Les Eaux \u00e9coformatrices<\/em> en 2001, et <em>Habiter la Terre<\/em> en 2005, <em>Le Feu V\u00e9cu<\/em> boucle une premi\u00e8re exploration de recherche-formation avec les \u00e9l\u00e9ments.<\/p>\n<p style=\"text-align: justify;\">\u00c0 la suite des sagesses traditionnelles r\u00e9actualis\u00e9es par Gaston Bachelard, ces quatre \u00e9l\u00e9ments sont travaill\u00e9s comme ressources fondamentales, naturelles et culturelles d\u2019une formation humaine \u00e0 l\u2019environnement et \u00e0 l\u2019\u00e9cocitoyennet\u00e9.<\/p>\n<p style=\"text-align: justify;\">Dans la dialectique des quatre \u00e9l\u00e9ments, le feu est essentiellement une \u00e9nergie transformatrice : formatrice et\/ou destructrice. Ces \u00ab exp\u00e9riences de feux \u00e9co-transformateurs \u00bb sont d\u2019abord explor\u00e9es par un survol des rituels initiatiques. L\u2019explicitation de relations personnelles nou\u00e9es avec les pratiques du feu constituent le c\u0153ur de l\u2019ouvrage : pratiques domestiques, professionnelles, ordinaires et exceptionnelles qui \u00e9clairent, r\u00e9chauffent et transforment ou tuent le cours de la vie. Chaque g\u00e9n\u00e9ration se forge avec le feu. Les deux derniers chapitres soulignent ces apprentissages collectifs urgents.<\/p>\n<p style=\"text-align: justify;\">Les horizons explosifs du nucl\u00e9aire, des \u00e9nergies fossiles et des mythes prom\u00e9th\u00e9ens appellent aujourd\u2019hui de nouvelles g\u00e9n\u00e9rations du feu. Aux feux, la terre risque de br\u00fbler !<\/p>\n<\/blockquote>\n<p style=\"text-align: right;\"><a href=\"http:\/\/www.editions-harmattan.fr\/index.asp?navig=catalogue&amp;obj=livre&amp;no=46470\" target=\"_blank\" rel=\"noopener\"><strong>L&rsquo;Harmattan<\/strong><\/a><\/p>\n<p style=\"text-align: left;\">Pr\u00e9face (J.J Wunenburger)<br \/>\nIntroduction g\u00e9n\u00e9rale (P. Galvani)<\/p>\n<p style=\"text-align: left;\"><strong>Premi\u00e8re partie : L&rsquo;\u00e9l\u00e9ment feu dans 1a matrice \u00e9co-symbo1ique de 1a formation humaine<\/strong><\/p>\n<p style=\"text-align: left; padding-left: 30px;\">Le feu dans l&rsquo;histoire du paradigme de l&rsquo;\u00e9coformation (G. Pineau)<br \/>\nL&rsquo;\u00e9coformation et le Feu de l&rsquo;action r\u00e9volutionnaire : une itin\u00e9rance ign\u00e9e entre politique et philosophie (M. Taleb)<br \/>\nLe feu de camp : un cercle de parole anthropoformateur (P. Galvani)<\/p>\n<p style=\"text-align: left;\">\n<strong>Seconde partie : L&rsquo;initiation par 1e feu dans 1es ritue1s traditionne1s<\/strong><\/p>\n<p style=\"text-align: left; padding-left: 30px;\">Le passage du Feu : une initiation (G. Bertin)<br \/>\nUne qu\u00eate de feux int\u00e9rieurs et ext\u00e9rieurs (F. Pasquier)<br \/>\nParcours d\u2019\u00c9gypte, fragments d&rsquo;images du feu solaire (A. Moneyron)<br \/>\nPieds nus sur les braises (P. Willaume)<\/p>\n<p style=\"text-align: left;\"><strong>Troisi\u00e8me partie : Exp\u00e9riences personne11es de feu, \u00e9co-transfomateurs<\/strong><\/p>\n<p style=\"text-align: left; padding-left: 30px;\">3.1 Chez soi<br \/>\n3.2 Par les m\u00e9tiers du feu<br \/>\n3.3 Par l&rsquo;exp\u00e9rience de hauts lieux du feu<br \/>\n3.4 Au cours de la vie, par la m\u00e9thode d&rsquo;exploration des ka\u00efros ign\u00e9s<\/p>\n<p style=\"text-align: left;\"><strong>Quatri\u00e8me partie : Horizons exp1osifs<\/strong><\/p>\n<p style=\"text-align: left; padding-left: 30px;\">Le feu nucl\u00e9aire au Japon, survivre \u00e0 Hiroshima, Nagasaki et Fukushima (M.Suemoto)<br \/>\nLe feu de l&rsquo;indignation : un levier d&rsquo;\u00e9coformation citoyenne (L. Sauv\u00e9)<\/p>\n<p style=\"text-align: left;\">Index des th\u00e8mes<br \/>\nBibliographie g\u00e9n\u00e9rale<\/p>\n","protected":false},"excerpt":{"rendered":"<p>Pascal Galvani, Gaston Pineau, Mohammed Taleb (coordinateurs) \/ Pr\u00e9face de J.J.Wunenburger <\/p>\n<p>\u00c9cologie et formation, L&rsquo;Harmattan, 2015<\/p>\n<p style=\"text-align: justify;\">Apr\u00e8s De l\u2019air ! Essai sur l\u2019\u00e9coformation en 1992 (r\u00e9\u00e9dition 2015), Les Eaux \u00e9coformatrices en 2001, et Habiter la Terre en 2005, Le Feu V\u00e9cu boucle une premi\u00e8re exploration de recherche-formation avec les \u00e9l\u00e9ments.<\/p>\n<p style=\"text-align: justify;\">\u00c0 [&#8230;]<\/p>\n","protected":false},"author":3,"featured_media":0,"comment_status":"open","ping_status":"open","sticky":false,"template":"","format":"standard","meta":{"footnotes":""},"categories":[7],"tags":[],"class_list":["post-1845","post","type-post","status-publish","format-standard","hentry","category-biblio","odd"],"_links":{"self":[{"href":"https:\/\/cis-h.fr\/AGRAF\/wp-json\/wp\/v2\/posts\/1845","targetHints":{"allow":["GET"]}}],"collection":[{"href":"https:\/\/cis-h.fr\/AGRAF\/wp-json\/wp\/v2\/posts"}],"about":[{"href":"https:\/\/cis-h.fr\/AGRAF\/wp-json\/wp\/v2\/types\/post"}],"author":[{"embeddable":true,"href":"https:\/\/cis-h.fr\/AGRAF\/wp-json\/wp\/v2\/users\/3"}],"replies":[{"embeddable":true,"href":"https:\/\/cis-h.fr\/AGRAF\/wp-json\/wp\/v2\/comments?post=1845"}],"version-history":[{"count":0,"href":"https:\/\/cis-h.fr\/AGRAF\/wp-json\/wp\/v2\/posts\/1845\/revisions"}],"wp:attachment":[{"href":"https:\/\/cis-h.fr\/AGRAF\/wp-json\/wp\/v2\/media?parent=1845"}],"wp:term":[{"taxonomy":"category","embeddable":true,"href":"https:\/\/cis-h.fr\/AGRAF\/wp-json\/wp\/v2\/categories?post=1845"},{"taxonomy":"post_tag","embeddable":true,"href":"https:\/\/cis-h.fr\/AGRAF\/wp-json\/wp\/v2\/tags?post=1845"}],"curies":[{"name":"wp","href":"https:\/\/api.w.org\/{rel}","templated":true}]}}