{"id":1870,"date":"2015-07-16T07:19:00","date_gmt":"2015-07-16T07:19:00","guid":{"rendered":"http:\/\/lllearning.free-h.net\/GRAF\/?p=1870"},"modified":"2015-07-16T07:19:00","modified_gmt":"2015-07-16T07:19:00","slug":"formes-deducation-et-processus-demancipation-pur-2015","status":"publish","type":"post","link":"https:\/\/cis-h.fr\/AGRAF\/2015\/07\/16\/formes-deducation-et-processus-demancipation-pur-2015\/","title":{"rendered":"Formes d&rsquo;\u00e9ducation et processus d&rsquo;\u00e9mancipation, PUR, 2015"},"content":{"rendered":"<h4>sous la direction de Brigitte Albero, Ghislaine Gueudet, J\u00e9r\u00f4me Eneau et Jean-No\u00ebl Blocher<\/h4>\n<p>Philosophie, sociologie et didactique sont ici convi\u00e9es pour \u00e9tudier la fa\u00e7on dont les formes d\u2019\u00e9ducation peuvent participer au processus d\u2019\u00e9mancipation de l\u2019\u00e9l\u00e8ve. Analysant les <strong>cultures<\/strong> de divers pays (<strong>Afrique du Sud, Argentine, France, Mexique et Nouvelle-Z\u00e9lande)<\/strong>, cet ouvrage pr\u00e9sente les principes d\u2019action et les illustrations d\u2019une <strong>activit\u00e9 intellectuelle \u00e9mancipatrice<\/strong>. \u00c0 mettre entre toutes les mains : \u00e9tudiants, chercheurs, professionnels de l\u2019\u00e9ducation et, plus g\u00e9n\u00e9ralement, citoyens engag\u00e9s.<\/p>\n<p>Avec le soutien du CREAD, EA 3875.<\/p>\n<p><strong>TABLE DES MATI\u00c8RES<\/strong><\/p>\n<p>Les auteurs . 7<br \/>\nBrigitte Albero, Ghislaine Gueudet, J\u00e9r\u00f4me Eneau et Jean-No\u00ebl Blocher<\/p>\n<p>Introduction. Remettre \u00e0 l\u2019\u00e9tude le rapport entre \u00e9ducation et d\u00e9mocratie : un enjeu contemporain.<br \/>\nApports de la recherche et mises en d\u00e9bat . 11<\/p>\n<p><em>Premi\u00e8re partie<\/em><\/p>\n<p><strong>\u00caTRE DEBOUT : L\u2019\u00c9DUCATION COMME R\u00c9SISTANCE<\/strong><\/p>\n<p><em>Nicolas Go<\/em> : R\u00e9sister et insister . 21<\/p>\n<p><em>Carlos A. Cullen<\/em> : L\u2019\u00eatre-en-cours ou exister debout : la r\u00e9sistance en \u00e9ducation . 27<\/p>\n<p><em>Teresa Yur\u00e9n<\/em> : Formation, \u00e9quit\u00e9 et praxis.<\/p>\n<p>Discussion des propositions conceptuelles de Carlos Cullen . 43<\/p>\n<p><em>Deuxi\u00e8me partie<\/em><\/p>\n<p><strong>LE LIEU O\u00d9 L\u2019ON ENSEIGNE<\/strong><\/p>\n<p><em>Pierre P\u00e9rier<\/em> : De quel lieu l\u2019\u00e9cole est-elle le nom ? . 53<\/p>\n<p><em>Eirick Prairat<\/em> : H\u00e9t\u00e9rotopies et conceptions normatives . 57<\/p>\n<p><em>Daniel Frandji<\/em> : H\u00e9t\u00e9rotopie, conceptions normatives ou&#8230; devenir utopique de l\u2019\u00e9cole ? . 69<\/p>\n<p><em>Troisi\u00e8me partie<\/em><\/p>\n<p><strong>D\u00c9SINTOXIQUER, R\u00c9\u00c9DUQUER<\/strong><\/p>\n<p><em>G\u00e9rard Sensevy<\/em> : La relation, le collectif, l\u2019\u00e9pist\u00e9mique et le politique . 81<\/p>\n<p><em>Laurence Cornu-Bernot<\/em> : Transformer les rapports du sujet avec le monde . 89<\/p>\n<p><em>Quatri\u00e8me partie<\/em><\/p>\n<p><strong>\u00c9MANCIPATION ET TRANSMISSION SCOLAIRE<\/strong><\/p>\n<p><em>Dominique Forest<\/em> : Textualit\u00e9 et sens des savoirs scolaires . 99<\/p>\n<p><em>Bernard Rey<\/em> : Transmission scolaire et \u00e9mancipation . 101<\/p>\n<p><em>Anne Jorro<\/em> et <em>Luc Maisonneuve<\/em> : Le temps des jeux d\u2019apprentissage . 109<\/p>\n<p><em>Cinqui\u00e8me partie<\/em><\/p>\n<p><strong>LE LONG CHEMIN DE L\u2019\u00c9MANCIPATION<\/strong><\/p>\n<p><em>Brigitte Gruson<\/em> : Le pouvoir de la connaissance . 117<\/p>\n<p><em>Jill Adler<\/em> : Acc\u00e8s, \u00e9quit\u00e9 et connaissance dans l\u2019usage dans l\u2019Afrique du Sud post-apartheid . 121<\/p>\n<p><em>Bill Barton<\/em> : Ouvrir la voie au d\u00e9veloppement de l\u2019\u00e9ducation . 133<\/p>\n<p>Bibliographie . 141<\/p>\n<p>Envoi . 151<\/p>\n<p>ISBN 978-2-7535-3550-3 Presses universitaires de Rennes, 2015, <a href=\"http:\/\/www.pur-editions.fr\" target=\"_blank\" rel=\"noopener\">www.pur-editions.fr<\/a><\/p>\n","protected":false},"excerpt":{"rendered":"<p>sous la direction de Brigitte Albero, Ghislaine Gueudet, J\u00e9r\u00f4me Eneau et Jean-No\u00ebl Blocher <\/p>\n<p>Philosophie, sociologie et didactique sont ici convi\u00e9es pour \u00e9tudier la fa\u00e7on dont les formes d\u2019\u00e9ducation peuvent participer au processus d\u2019\u00e9mancipation de l\u2019\u00e9l\u00e8ve. Analysant les cultures de divers pays (Afrique du Sud, Argentine, France, Mexique et Nouvelle-Z\u00e9lande), cet ouvrage pr\u00e9sente les principes d\u2019action [&#8230;]<\/p>\n","protected":false},"author":3,"featured_media":0,"comment_status":"open","ping_status":"open","sticky":false,"template":"","format":"standard","meta":{"footnotes":""},"categories":[7],"tags":[],"class_list":["post-1870","post","type-post","status-publish","format-standard","hentry","category-biblio","odd"],"_links":{"self":[{"href":"https:\/\/cis-h.fr\/AGRAF\/wp-json\/wp\/v2\/posts\/1870","targetHints":{"allow":["GET"]}}],"collection":[{"href":"https:\/\/cis-h.fr\/AGRAF\/wp-json\/wp\/v2\/posts"}],"about":[{"href":"https:\/\/cis-h.fr\/AGRAF\/wp-json\/wp\/v2\/types\/post"}],"author":[{"embeddable":true,"href":"https:\/\/cis-h.fr\/AGRAF\/wp-json\/wp\/v2\/users\/3"}],"replies":[{"embeddable":true,"href":"https:\/\/cis-h.fr\/AGRAF\/wp-json\/wp\/v2\/comments?post=1870"}],"version-history":[{"count":0,"href":"https:\/\/cis-h.fr\/AGRAF\/wp-json\/wp\/v2\/posts\/1870\/revisions"}],"wp:attachment":[{"href":"https:\/\/cis-h.fr\/AGRAF\/wp-json\/wp\/v2\/media?parent=1870"}],"wp:term":[{"taxonomy":"category","embeddable":true,"href":"https:\/\/cis-h.fr\/AGRAF\/wp-json\/wp\/v2\/categories?post=1870"},{"taxonomy":"post_tag","embeddable":true,"href":"https:\/\/cis-h.fr\/AGRAF\/wp-json\/wp\/v2\/tags?post=1870"}],"curies":[{"name":"wp","href":"https:\/\/api.w.org\/{rel}","templated":true}]}}