{"id":1892,"date":"2015-10-22T09:14:55","date_gmt":"2015-10-22T09:14:55","guid":{"rendered":"http:\/\/lllearning.free-h.net\/GRAF\/?p=1892"},"modified":"2015-10-22T09:14:55","modified_gmt":"2015-10-22T09:14:55","slug":"dominice-p-au-risque-de-se-dire","status":"publish","type":"post","link":"https:\/\/cis-h.fr\/AGRAF\/2015\/10\/22\/dominice-p-au-risque-de-se-dire\/","title":{"rendered":"Dominic\u00e9 P., AU RISQUE DE SE DIRE"},"content":{"rendered":"<h5>Collection L&rsquo;\u00e9criture de la vie. <a href=\"http:\/\/www.editions-harmattan.fr\/index.asp?navig=catalogue&amp;obj=livre&amp;isbn=978-2-36085-067-9\" target=\"_blank\" rel=\"noopener\">T\u00e9ra\u00e8dre<\/a>, 2015<\/h5>\n<blockquote><p>Confront\u00e9s \u00e0 un christianisme occidental d\u00e9cadent et \u00e0 des r\u00e9f\u00e9rences prises dans un mouvement de bascule, nos h\u00e9ritages religieux et culturels sont de plus en plus mis de c\u00f4t\u00e9 et dissoci\u00e9s du champ de la connaissance. Toute tentative pour red\u00e9finir leur apport n\u00e9cessite un travail en profondeur d\u2019interpr\u00e9tation. L\u2019approche biographique d\u00e9velopp\u00e9e dans cet ouvrage conduit, dans cette optique, \u00e0 <strong>redonner un sens \u00e0 la dimension spirituelle<\/strong>. Celle-ci est pr\u00e9sent\u00e9e selon diff\u00e9rentes lectures, ancr\u00e9es dans des exp\u00e9riences personnelles marquantes et mises en d\u00e9bat \u00e0 l\u2019aide d\u2019une diversit\u00e9 d\u2019\u00e9clairages th\u00e9oriques. La subjectivit\u00e9 qui caract\u00e9rise toute position spirituelle conduit \u00e0 valoriser la figure d\u2019un m\u00e9tissage pens\u00e9 dans une perspective sociale d\u2019universalit\u00e9.<\/p><\/blockquote>\n<p>&nbsp;<\/p>\n<p><span><\/p>\n<h3>Table des mati\u00e8res<\/h3>\n<p>PR\u00c9FACE<\/p>\n<p style=\"padding-left: 30px;\"><strong>Formation et spiritualit\u00e9 <\/strong><strong><br \/>\n<\/strong><\/p>\n<p>INTRODUCTION <strong><br \/>\n<\/strong><\/p>\n<p>CHAPITRE 1<\/p>\n<p style=\"padding-left: 30px;\"><strong>Affronter un christianisme en allergie <\/strong><strong><br \/>\n<\/strong><\/p>\n<p>CHAPITRE 2<\/p>\n<p style=\"padding-left: 30px;\"><strong>La bascule d\u2019un syst\u00e8me provoque un retour vers soi <\/strong><strong><br \/>\n<\/strong><\/p>\n<p>CHAPITRE 3<\/p>\n<p style=\"padding-left: 30px;\"><strong>La spiritualit\u00e9 comme exp\u00e9rience <\/strong><strong><br \/>\n<\/strong><\/p>\n<p>CHAPITRE 4<\/p>\n<p style=\"padding-left: 30px;\"><strong>Laisser l\u2019invisible venir au monde <\/strong><strong><br \/>\n<\/strong><\/p>\n<p>CHAPITRE 5<\/p>\n<p style=\"padding-left: 30px;\"><strong>L\u2019exigence d\u2019interpr\u00e9ter : entre savoir et croire <\/strong><strong><br \/>\n<\/strong><\/p>\n<p>CHAPITRE 6<\/p>\n<p style=\"padding-left: 30px;\"><strong>Le spirituel dans la figure du m\u00e9tissage et l\u2019horizon de l\u2019universel<\/strong><\/p>\n<p><\/span><\/p>\n","protected":false},"excerpt":{"rendered":"<p>Collection L&rsquo;\u00e9criture de la vie. T\u00e9ra\u00e8dre, 2015 <\/p>\n<p>Confront\u00e9s \u00e0 un christianisme occidental d\u00e9cadent et \u00e0 des r\u00e9f\u00e9rences prises dans un mouvement de bascule, nos h\u00e9ritages religieux et culturels sont de plus en plus mis de c\u00f4t\u00e9 et dissoci\u00e9s du champ de la connaissance. Toute tentative pour red\u00e9finir leur apport n\u00e9cessite un travail en profondeur d\u2019interpr\u00e9tation. [&#8230;]<\/p>\n","protected":false},"author":3,"featured_media":0,"comment_status":"open","ping_status":"open","sticky":false,"template":"","format":"standard","meta":{"footnotes":""},"categories":[7,3],"tags":[],"class_list":["post-1892","post","type-post","status-publish","format-standard","hentry","category-biblio","category-documents","odd"],"_links":{"self":[{"href":"https:\/\/cis-h.fr\/AGRAF\/wp-json\/wp\/v2\/posts\/1892","targetHints":{"allow":["GET"]}}],"collection":[{"href":"https:\/\/cis-h.fr\/AGRAF\/wp-json\/wp\/v2\/posts"}],"about":[{"href":"https:\/\/cis-h.fr\/AGRAF\/wp-json\/wp\/v2\/types\/post"}],"author":[{"embeddable":true,"href":"https:\/\/cis-h.fr\/AGRAF\/wp-json\/wp\/v2\/users\/3"}],"replies":[{"embeddable":true,"href":"https:\/\/cis-h.fr\/AGRAF\/wp-json\/wp\/v2\/comments?post=1892"}],"version-history":[{"count":0,"href":"https:\/\/cis-h.fr\/AGRAF\/wp-json\/wp\/v2\/posts\/1892\/revisions"}],"wp:attachment":[{"href":"https:\/\/cis-h.fr\/AGRAF\/wp-json\/wp\/v2\/media?parent=1892"}],"wp:term":[{"taxonomy":"category","embeddable":true,"href":"https:\/\/cis-h.fr\/AGRAF\/wp-json\/wp\/v2\/categories?post=1892"},{"taxonomy":"post_tag","embeddable":true,"href":"https:\/\/cis-h.fr\/AGRAF\/wp-json\/wp\/v2\/tags?post=1892"}],"curies":[{"name":"wp","href":"https:\/\/api.w.org\/{rel}","templated":true}]}}