{"id":1960,"date":"2016-02-23T09:44:33","date_gmt":"2016-02-23T09:44:33","guid":{"rendered":"http:\/\/lllearning.free-h.net\/GRAF\/?p=1960"},"modified":"2016-02-23T09:44:33","modified_gmt":"2016-02-23T09:44:33","slug":"autodidaxie-dans-les-organisations","status":"publish","type":"post","link":"https:\/\/cis-h.fr\/AGRAF\/2016\/02\/23\/autodidaxie-dans-les-organisations\/","title":{"rendered":"Autodidaxie dans les organisations ?"},"content":{"rendered":"<h4 style=\"text-align: center;\">Jeudi de l&rsquo;Afref du 17 mars 2016 &#8211;<br \/>\n\u00abL\u2019autodidacte\u00bb et \u00abl\u2019organisation apprenante\u00bb, une rencontre improbable ?<\/h4>\n<h5 style=\"text-align: center;\">8h45 \u00e0 12h45,<br \/>\nIGS &#8211; amphi rez-de-chauss\u00e9e, 12 rue Alexandre Parodi &#8211; 75010 Paris<\/h5>\n<blockquote><p>\u00abL\u2019innovation\u00bb, \u00abl\u2019accompagnement du changement dans les organisations\u00bb  en contexte \u00abd\u2019incertitude\u00bb, voire de \u00abcrise\u00bb, constituent aujourd\u2019hui  des th\u00e9matiques majeures de l\u2019offre de formation d\u2019adultes autour  d\u2019enjeux qui ouvrent sur la question de l\u2019engagement, de la mobilisation  des individus et des collectifs dans des situations in\u00e9dites ou \u00e0  cr\u00e9er, et des comp\u00e9tences \u00e0 mobiliser dans ce contexte. Cet int\u00e9r\u00eat  soul\u00e8ve, de fa\u00e7on sous-jacente, la question du r\u00f4le des apprentissages  dits \u00abinformels\u00bb, qui seront envisag\u00e9s \u00e0 partir de trois mots cl\u00e9s :  l\u2019autodidaxie (talents, comp\u00e9tences, voire \u00abexpertise\u00bb autodidactes),  \u00abl\u2019organisation apprenante\u00bb, les \u00abcommunaut\u00e9s de pratique\u00bb.<\/p>\n<p>Ce jeudi de l\u2019AFREF abordera ces diff\u00e9rentes notions en explorant  quelques-unes des dimensions peu lisibles qu\u2019elles questionnent : quel  est le r\u00f4le du collectif, de l\u2019exp\u00e9rience relationnelle telle que  celle-ci se vit au quotidien dans un contexte d\u2019activit\u00e9 ? Quel est le  r\u00f4le de la culture et de l\u2019imaginaire partag\u00e9 ? Comment ces  apprentissages informels se conjuguent-ils entre engagement individuel,  participation collective et attentes institutionnelles ? La r\u00e9ponse \u00e0  ces questions sera \u00e9galement illustr\u00e9e par des t\u00e9moignages.<\/p>\n<p><a href=\"http:\/\/les4bellais.us6.list-manage1.com\/track\/click?u=8fb55bc42e6ebe99fdadb4f35&amp;id=9eaeb09cc4&amp;e=f69ce0ed63\" target=\"_blank\" rel=\"noopener\">Programme<\/a> (format pdf)<br \/>\n<a href=\"http:\/\/les4bellais.us6.list-manage1.com\/track\/click?u=8fb55bc42e6ebe99fdadb4f35&amp;id=ecc0436a38&amp;e=f69ce0ed63\" target=\"_blank\" rel=\"noopener\">Bulletin d&rsquo;inscription<\/a> (pdf)<\/p>\n<div>\n<div style=\"text-align: center;\">Association Fran\u00e7ais de R\u00e9flexion et\u00a0d&rsquo;Echange sur la Formation<br \/>\n40, rue des Blancs Manteaux | 75004 Paris<br \/>\n<a href=\"http:\/\/les4bellais.us6.list-manage.com\/track\/click?u=8fb55bc42e6ebe99fdadb4f35&amp;id=16a0ca5b3e&amp;e=f69ce0ed63\" target=\"_blank\" rel=\"noopener\">www.afref.org<\/a> | <a href=\"mailto:contact@afref.org\" target=\"_blank\" rel=\"noopener\">contact@afref.org<\/a><br \/>\nTel. : 01 77 17 89 93<\/div>\n<\/div>\n<\/blockquote>\n","protected":false},"excerpt":{"rendered":"<p>Jeudi de l&rsquo;Afref du 17 mars 2016 &#8211; \u00abL\u2019autodidacte\u00bb et \u00abl\u2019organisation apprenante\u00bb, une rencontre improbable ? 8h45 \u00e0 12h45, IGS &#8211; amphi rez-de-chauss\u00e9e, 12 rue Alexandre Parodi &#8211; 75010 Paris <\/p>\n<p>\u00abL\u2019innovation\u00bb, \u00abl\u2019accompagnement du changement dans les organisations\u00bb en contexte \u00abd\u2019incertitude\u00bb, voire de \u00abcrise\u00bb, constituent aujourd\u2019hui des th\u00e9matiques majeures de l\u2019offre de formation d\u2019adultes autour d\u2019enjeux [&#8230;]<\/p>\n","protected":false},"author":3,"featured_media":0,"comment_status":"open","ping_status":"open","sticky":false,"template":"","format":"standard","meta":{"footnotes":""},"categories":[4],"tags":[],"class_list":["post-1960","post","type-post","status-publish","format-standard","hentry","category-evenements","odd"],"_links":{"self":[{"href":"https:\/\/cis-h.fr\/AGRAF\/wp-json\/wp\/v2\/posts\/1960","targetHints":{"allow":["GET"]}}],"collection":[{"href":"https:\/\/cis-h.fr\/AGRAF\/wp-json\/wp\/v2\/posts"}],"about":[{"href":"https:\/\/cis-h.fr\/AGRAF\/wp-json\/wp\/v2\/types\/post"}],"author":[{"embeddable":true,"href":"https:\/\/cis-h.fr\/AGRAF\/wp-json\/wp\/v2\/users\/3"}],"replies":[{"embeddable":true,"href":"https:\/\/cis-h.fr\/AGRAF\/wp-json\/wp\/v2\/comments?post=1960"}],"version-history":[{"count":0,"href":"https:\/\/cis-h.fr\/AGRAF\/wp-json\/wp\/v2\/posts\/1960\/revisions"}],"wp:attachment":[{"href":"https:\/\/cis-h.fr\/AGRAF\/wp-json\/wp\/v2\/media?parent=1960"}],"wp:term":[{"taxonomy":"category","embeddable":true,"href":"https:\/\/cis-h.fr\/AGRAF\/wp-json\/wp\/v2\/categories?post=1960"},{"taxonomy":"post_tag","embeddable":true,"href":"https:\/\/cis-h.fr\/AGRAF\/wp-json\/wp\/v2\/tags?post=1960"}],"curies":[{"name":"wp","href":"https:\/\/api.w.org\/{rel}","templated":true}]}}