{"id":1963,"date":"2016-02-29T10:54:24","date_gmt":"2016-02-29T10:54:24","guid":{"rendered":"http:\/\/lllearning.free-h.net\/GRAF\/?p=1963"},"modified":"2016-02-29T10:54:24","modified_gmt":"2016-02-29T10:54:24","slug":"ethique-de-laccompagnement-et-agir-cooperatif","status":"publish","type":"post","link":"https:\/\/cis-h.fr\/AGRAF\/2016\/02\/29\/ethique-de-laccompagnement-et-agir-cooperatif\/","title":{"rendered":"Ethique de l&rsquo;Accompagnement et Agir Coop\u00e9ratif"},"content":{"rendered":"<h4 style=\"text-align: center;\">Universit\u00e9 de Tours &#8211; 26 au 28 mai 2016<\/h4>\n<p style=\"text-align: center;\"><strong><a href=\"http:\/\/url.snd68.ch\/url-609688283-2895814-29022016.html\">Cliquez ici pour acc\u00e9der au programme en version PDF<\/a><\/strong><\/p>\n<p style=\"text-align: center;\">Site du colloque : <a href=\"http:\/\/url.snd68.ch\/url-609688283-2895815-29022016.html\">https:\/\/accompagnement2016.wordpress.com<\/a><\/p>\n<p style=\"text-align: center;\">Infos : <a href=\"mailto:accompagnement2016@univ-tours.fr\">accompagnement2016@univ-tours.fr<\/a><\/p>\n<p style=\"text-align: center;\">Inscriptions : <a href=\"http:\/\/url.snd68.ch\/url-609688283-2895816-29022016.html\">http:\/\/accompagnement.sciencesconf.org<\/a><\/p>\n<blockquote><p>ARGUMENTAIRE<\/p>\n<p>Les pratiques d\u2019accompagnement constituent un enjeu majeur aujourd\u2019hui, dans les domaines de la sant\u00e9, du travail social, de l\u2019\u00e9ducation et de la formation.<\/p>\n<p>Les professions m\u00e9dicales et param\u00e9dicales se transforment et sont \u00e0 la recherche de mod\u00e8les pertinents pour accompagner les patients et leur famille, autant dans le cadre d\u2019actions de pr\u00e9vention que de soin, enjeu accru par le vieillissement de la population. L\u2019\u00e9cole doit trouver les moyens d\u2019accompagner chaque \u00e9l\u00e8ve, et l\u2019universit\u00e9 chaque \u00e9tudiant, pour garantir la r\u00e9ussite de tous. Les acteurs de la formation sont amen\u00e9s \u00e0 relever le m\u00eame d\u00e9fi, tandis que la situation \u00e9conomique exige d\u2019accompagner au mieux chacun dans la construction de son projet professionnel ou dans ses transitions.<\/p>\n<p>L\u2019\u00e9quipe \u00ab \u00e9ducation, \u00e9thique, sant\u00e9 \u00bb propose un espace de rencontre aux professionnels des champs sanitaire et social, \u00e9ducatif et formatif, aux universitaires et aux usagers. Il s\u2019agit de penser les m\u00e9tiers et les dispositifs de l\u2019accompagnement (accompagnement VAE, transitions professionnelles, tutorat) mais aussi la fonction d\u2019accompagnement, ses dimensions \u00e9thiques et anthropologiques, transversales \u00e0 tous ces champs. Un enjeu consiste, en compl\u00e9ment de formes d\u2019accompagnement traditionnelles reposant sur la relation interindividuelle, de consid\u00e9rer des dynamiques collectives, d\u00e9terminantes lorsqu\u2019il s\u2019agit de favoriser le pouvoir d\u2019agir des acteurs.<\/p><\/blockquote>\n<p>&nbsp;<\/p>\n<p style=\"text-align: center;\"><strong>PROGRAMME du COLLOQUE<br \/>\n<\/strong><\/p>\n<p style=\"padding-left: 30px;\"><strong>JEUDI 26 MAI<\/strong><\/p>\n<p style=\"padding-left: 60px;\"><strong>9H00\u00a0&#8211;\u00a0Accueil et ouverture<\/strong><\/p>\n<p style=\"padding-left: 60px;\"><strong>10h-12h : Table Ronde<\/strong><\/p>\n<p style=\"padding-left: 90px;\"><em>L\u2019accompagnement, d\u00e9finitions, repr\u00e9sentations et concepts<\/em><\/p>\n<p style=\"padding-left: 90px;\">Maela Paul; Pascal Galvani, Universit\u00e9 du Qu\u00e9bec \u00e0 Rimouski; Christophe Niewiadomski, Universit\u00e9 Lille 3; Herv\u00e9 Breton; No\u00ebl Denoyel; S\u00e9bastien Pesce (Tours)<\/p>\n<p style=\"padding-left: 60px;\"><strong>14h-15h30 : Table Ronde 2<\/strong><\/p>\n<p style=\"padding-left: 90px;\"><em>L\u2019accompagnement, r\u00e9ciprocit\u00e9 et coresponsabilit\u00e9<\/em><\/p>\n<p style=\"padding-left: 90px;\">Jean-Pierre Boutinet, UCO Angers; J\u00e9r\u00f4me Eneau, Universit\u00e9 Rennes 2; Jos\u00e9 Gonz\u00e1lez-Monteagudo, Universit\u00e9 De S\u00e9ville<\/p>\n<p style=\"padding-left: 60px;\"><strong>15h45-17h15\u00a0&#8211;\u00a0Ateliers en parall\u00e8le<\/strong><\/p>\n<p style=\"padding-left: 60px;\"><strong>18h-21h \u2013 Conf\u00e9rence Musicale sur l\u2019accompagnement \/ Cocktail<\/strong><\/p>\n<p style=\"padding-left: 60px;\">&nbsp;<\/p>\n<p style=\"padding-left: 30px;\"><strong>VENDREDI 27 MAI<\/strong><\/p>\n<p style=\"padding-left: 60px;\"><strong>9h-10h45 \u2013 Table Ronde 3<\/strong><\/p>\n<p style=\"padding-left: 90px;\"><em>L&rsquo;accompagnement entre vuln\u00e9rabilit\u00e9s et pouvoirs<\/em><\/p>\n<p style=\"padding-left: 90px;\">Roberta Romagnoli, Universit\u00e9 pontificale catholique du Minas Gerais, Br\u00e9sil, Pierre Dominic\u00e9, Universit\u00e9 de Gen\u00e8ve, Gilles Monceau, Universit\u00e9 de Cergy-Pontoise<\/p>\n<p style=\"padding-left: 60px;\"><strong>11h-12h30 \u2013 Ateliers en parall\u00e8le<\/strong><\/p>\n<p style=\"padding-left: 60px;\"><strong>14h \u2013 16h \u2013 Ateliers en parall\u00e8le<\/strong><\/p>\n<p style=\"padding-left: 60px;\"><strong>16h30-18h : Table Ronde 4<\/strong><\/p>\n<p style=\"padding-left: 90px;\"><em>L\u2019accompagnement, mises en \u0153uvre dans des contextes sp\u00e9cifiques ou culturels diff\u00e9rents<\/em><\/p>\n<p style=\"padding-left: 90px;\">Chiara Biasin, Univ. de Padoue ; Carmen Cavaco, Univ. de Lisbonne ; Genevi\u00e8ve Tschopp Rywalski, HEP Vaud<\/p>\n<p style=\"padding-left: 30px;\">&nbsp;<\/p>\n<p style=\"padding-left: 30px;\"><strong>SAMEDI 28 MAI<\/strong><\/p>\n<p style=\"padding-left: 60px;\"><strong>9h00 \u2013 Ateliers en parall\u00e8le<\/strong><\/p>\n<p style=\"padding-left: 60px;\"><strong>10h30 Table Ronde 5<\/strong><\/p>\n<p style=\"padding-left: 90px;\"><em>Formation, accompagnement et biographie<\/em><\/p>\n<p style=\"padding-left: 90px;\">Alex Lain\u00e9, Bernard Li\u00e9tard, CNAM, Gaston Pineau, Universit\u00e9 du Qu\u00e9bec \u00e0 Montr\u00e9al<\/p>\n<p style=\"padding-left: 60px;\"><strong>12h-13h Cl\u00f4ture du colloque<\/strong><\/p>\n<p style=\"padding-left: 90px;\"><em>Accompagner : m\u00e9decine, sant\u00e9 publique, formation<\/em><\/p>\n<p style=\"padding-left: 90px;\">Anne-Marie Lehr-Drylewicz, Laurence Cornu, Emmanuel Rusch \u2013 EES, Tours<\/p>\n","protected":false},"excerpt":{"rendered":"<p>Universit\u00e9 de Tours &#8211; 26 au 28 mai 2016 <\/p>\n<p style=\"text-align: center;\">Cliquez ici pour acc\u00e9der au programme en version PDF<\/p>\n<p style=\"text-align: center;\">Site du colloque : https:\/\/accompagnement2016.wordpress.com<\/p>\n<p style=\"text-align: center;\">Infos : accompagnement2016@univ-tours.fr<\/p>\n<p style=\"text-align: center;\">Inscriptions : http:\/\/accompagnement.sciencesconf.org<\/p>\n<p>ARGUMENTAIRE<\/p>\n<p>Les pratiques d\u2019accompagnement constituent un enjeu majeur aujourd\u2019hui, dans les domaines de la sant\u00e9, du travail social, [&#8230;]<\/p>\n","protected":false},"author":3,"featured_media":0,"comment_status":"open","ping_status":"open","sticky":false,"template":"","format":"standard","meta":{"footnotes":""},"categories":[4],"tags":[],"class_list":["post-1963","post","type-post","status-publish","format-standard","hentry","category-evenements","odd"],"_links":{"self":[{"href":"https:\/\/cis-h.fr\/AGRAF\/wp-json\/wp\/v2\/posts\/1963","targetHints":{"allow":["GET"]}}],"collection":[{"href":"https:\/\/cis-h.fr\/AGRAF\/wp-json\/wp\/v2\/posts"}],"about":[{"href":"https:\/\/cis-h.fr\/AGRAF\/wp-json\/wp\/v2\/types\/post"}],"author":[{"embeddable":true,"href":"https:\/\/cis-h.fr\/AGRAF\/wp-json\/wp\/v2\/users\/3"}],"replies":[{"embeddable":true,"href":"https:\/\/cis-h.fr\/AGRAF\/wp-json\/wp\/v2\/comments?post=1963"}],"version-history":[{"count":0,"href":"https:\/\/cis-h.fr\/AGRAF\/wp-json\/wp\/v2\/posts\/1963\/revisions"}],"wp:attachment":[{"href":"https:\/\/cis-h.fr\/AGRAF\/wp-json\/wp\/v2\/media?parent=1963"}],"wp:term":[{"taxonomy":"category","embeddable":true,"href":"https:\/\/cis-h.fr\/AGRAF\/wp-json\/wp\/v2\/categories?post=1963"},{"taxonomy":"post_tag","embeddable":true,"href":"https:\/\/cis-h.fr\/AGRAF\/wp-json\/wp\/v2\/tags?post=1963"}],"curies":[{"name":"wp","href":"https:\/\/api.w.org\/{rel}","templated":true}]}}