{"id":1989,"date":"2016-03-31T14:38:04","date_gmt":"2016-03-31T14:38:04","guid":{"rendered":"http:\/\/lllearning.free-h.net\/GRAF\/?p=1989"},"modified":"2016-03-31T14:38:04","modified_gmt":"2016-03-31T14:38:04","slug":"honore-b-une-histoire-de-lifepp-1964-2000","status":"publish","type":"post","link":"https:\/\/cis-h.fr\/AGRAF\/2016\/03\/31\/honore-b-une-histoire-de-lifepp-1964-2000\/","title":{"rendered":"Honor\u00e9 B., Une histoire de l\u2019IFEPP 1964 &#8211; 2000"},"content":{"rendered":"<h4 style=\"text-align: center;\">AUTOBIOGRAPHIE INSTITUTIONNELLE<br \/>\nET EXP\u00c9RIENTIELLE<br \/>\nD\u2019UNE PENS\u00c9E DE LA FORMATION<\/h4>\n<h5 style=\"text-align: center;\">Pr\u00e9face de Christophe Niewiadowski<br \/>\nCollection : Histoire de vie &amp; formation<br \/>\nL&rsquo;Harmattan <a href=\"http:\/\/www.editions-harmattan.fr\/index.asp\" target=\"_blank\" rel=\"noopener\">http:\/\/www.editions-harmattan.fr\/index.asp<\/a><br \/>\nISBN : 978-2-343-08462-6 \u2022 mars 2016 \u2022 296 pages<\/h5>\n<blockquote>\n<p style=\"text-align: left;\">Dans cet ouvrage, Bernard Honor\u00e9 revient sur l\u2019histoire de son exp\u00e9rience en formation dans diverses institutions sociales, \u00e9ducatives et de sant\u00e9, en particulier dans le cadre de l\u2019Institut de formation et d\u2019\u00e9tudes psychosociologiques et p\u00e9dagogiques (IFEPP) qu\u2019il a fond\u00e9 et qu\u2019il a dirig\u00e9 pendant pr\u00e8s de quarante ans. Il pr\u00e9sente la succession de ses diverses exp\u00e9riences et les concepts qu\u2019il a cr\u00e9\u00e9s pour donner un sens \u00e0 la formation, en les rapprochant des institutions avec lesquelles il \u00e9tait en relation dans l\u2019exercice de ses activit\u00e9s : l\u2019\u00c9cole des parents, l\u2019\u00c9ducation Nationale, les services sociaux, les \u00e9tablissements hospitaliers.<br \/>\nCe livre est pr\u00e9sent\u00e9 comme une contribution \u00e0 l\u2019approche de l\u2019historialit\u00e9 institutionnelle d\u2019une exp\u00e9rience et d\u2019une pens\u00e9e de la formation. Il est dans la ligne des recherches sur l\u2019autoformation, dont Gaston Pineau disait, d\u00e8s 1980, qu\u2019elle est appropriation de son pouvoir de formation que l\u2019autobiographie permet d\u2019explorer.<br \/>\n<strong>L\u2019auteur <\/strong>: Bernard HONOR\u00c9, psychiatre et philosophe, est l\u2019auteur de nombreux ouvrages sur la formation, le soin et la sant\u00e9. Il a dirig\u00e9 durant pr\u00e8s de quarante ans l\u2019Institut de formation et d\u2019\u00e9tudes psychosociologiques et p\u00e9dagogiques (IFEPP)<\/p>\n<p><strong>Table des mati\u00e8res<\/strong><\/p>\n<p>Pr\u00e9face par Christophe Niewiadomski<\/p>\n<p>Pr\u00e9sentation<\/p>\n<p>Chapitre 1. P\u00e9riode pr\u00e9c\u00e9dant la cr\u00e9ation de l\u2019IFEPP<\/p>\n<ol>\n<li> Mes premiers pas institutionnels<\/li>\n<li> Premi\u00e8res exp\u00e9riences d\u2019animation<\/li>\n<li> Premi\u00e8res notions pour comprendre la formation<\/li>\n<\/ol>\n<p>Chapitre 2. L\u2019IFEPP sous les auspices de l\u2019\u00c9ducation nationale et des organismes sociaux<\/p>\n<ol>\n<li> La fondation de l\u2019Institut de formation en psychop\u00e9dagogie familiale et sociale<\/li>\n<li> Nouveaux champs d\u2019exp\u00e9rience<\/li>\n<li> De nouveaux concepts<\/li>\n<\/ol>\n<p>Chapitre 3. L\u2019IFEPP apr\u00e8s l\u2019application de la loi de 1971<\/p>\n<ol>\n<li> Des transformations d\u00e9coulant de la l\u00e9gislation<\/li>\n<li> Des changements dans les conditions de l\u2019exp\u00e9rience formative<\/li>\n<li> Des notions pour la compr\u00e9hension du sens de la formation<\/li>\n<\/ol>\n<p>Chapitre 4. Le tournant vers le secteur de la sant\u00e9<\/p>\n<ol>\n<li> Les modes d\u2019intervention dans les h\u00f4pitaux<\/li>\n<li> L\u2019exp\u00e9rience de l\u2019intervention en institution<\/li>\n<li> Une conception de la formation reli\u00e9e au soin<\/li>\n<\/ol>\n<p>Chapitre 5. Mes derni\u00e8res ann\u00e9es \u00e0 l\u2019IFEPP<\/p>\n<ol>\n<li> Une nouvelle p\u00e9riode critique<\/li>\n<li> L\u2019exp\u00e9rience de la perte des synergies<\/li>\n<li> La reliance spirituelle comme dimension de la formation dans la perspective culturelle et historique<\/li>\n<\/ol>\n<p>\u00c9pilogue<\/p><\/blockquote>\n","protected":false},"excerpt":{"rendered":"<p>AUTOBIOGRAPHIE INSTITUTIONNELLE ET EXP\u00c9RIENTIELLE D\u2019UNE PENS\u00c9E DE LA FORMATION Pr\u00e9face de Christophe Niewiadowski Collection : Histoire de vie &amp; formation L&rsquo;Harmattan http:\/\/www.editions-harmattan.fr\/index.asp ISBN : 978-2-343-08462-6 \u2022 mars 2016 \u2022 296 pages <\/p>\n<p style=\"text-align: left;\">Dans cet ouvrage, Bernard Honor\u00e9 revient sur l\u2019histoire de son exp\u00e9rience en formation dans diverses institutions sociales, \u00e9ducatives et de sant\u00e9, en [&#8230;]<\/p>\n","protected":false},"author":3,"featured_media":0,"comment_status":"open","ping_status":"open","sticky":false,"template":"","format":"standard","meta":{"footnotes":""},"categories":[7],"tags":[],"class_list":["post-1989","post","type-post","status-publish","format-standard","hentry","category-biblio","odd"],"_links":{"self":[{"href":"https:\/\/cis-h.fr\/AGRAF\/wp-json\/wp\/v2\/posts\/1989","targetHints":{"allow":["GET"]}}],"collection":[{"href":"https:\/\/cis-h.fr\/AGRAF\/wp-json\/wp\/v2\/posts"}],"about":[{"href":"https:\/\/cis-h.fr\/AGRAF\/wp-json\/wp\/v2\/types\/post"}],"author":[{"embeddable":true,"href":"https:\/\/cis-h.fr\/AGRAF\/wp-json\/wp\/v2\/users\/3"}],"replies":[{"embeddable":true,"href":"https:\/\/cis-h.fr\/AGRAF\/wp-json\/wp\/v2\/comments?post=1989"}],"version-history":[{"count":0,"href":"https:\/\/cis-h.fr\/AGRAF\/wp-json\/wp\/v2\/posts\/1989\/revisions"}],"wp:attachment":[{"href":"https:\/\/cis-h.fr\/AGRAF\/wp-json\/wp\/v2\/media?parent=1989"}],"wp:term":[{"taxonomy":"category","embeddable":true,"href":"https:\/\/cis-h.fr\/AGRAF\/wp-json\/wp\/v2\/categories?post=1989"},{"taxonomy":"post_tag","embeddable":true,"href":"https:\/\/cis-h.fr\/AGRAF\/wp-json\/wp\/v2\/tags?post=1989"}],"curies":[{"name":"wp","href":"https:\/\/api.w.org\/{rel}","templated":true}]}}