{"id":1992,"date":"2016-04-12T05:57:11","date_gmt":"2016-04-12T05:57:11","guid":{"rendered":"http:\/\/lllearning.free-h.net\/GRAF\/?p=1992"},"modified":"2016-04-12T05:57:11","modified_gmt":"2016-04-12T05:57:11","slug":"2016-le-deuxieme-symposium-du-graf","status":"publish","type":"post","link":"https:\/\/cis-h.fr\/AGRAF\/2016\/04\/12\/2016-le-deuxieme-symposium-du-graf\/","title":{"rendered":"2016 : Le deuxi\u00e8me symposium du Graf"},"content":{"rendered":"<h4 style=\"text-align: center;\">Du Vendredi soir 13 Mai 2016 au Lundi 19 midi<br \/>\n\u00e0 PLOUGRESCANT (C\u00f4tes d\u2019Armor)<\/h4>\n<p>Comme l\u2019an dernier, le symposium des membres du Graf aura lieu pendant le week-\u00adend de la Pentec\u00f4te. C\u2019est une occasion unique pour :<\/p>\n<ul>\n<li>\u00e9changer nos productions individuelles et collectives dans le champ de l\u2019autoformation ;<\/li>\n<li>faire le bilan des activit\u00e9s men\u00e9es au cours de l\u2019ann\u00e9e et dresser des perspectives de travail ;<\/li>\n<li>conduire une r\u00e9flexion collective sur le d\u00e9veloppement du champ de l\u2019autoformation, dans ses diff\u00e9rentes dimensions.<\/li>\n<\/ul>\n<p>Le premier symposium a inaugur\u00e9 un mode de travail : l\u2019\u00e9coute dialogique de chacun des participants. Un th\u00e8me commun est \u00e9galement propos\u00e9, pour compl\u00e9ter les contributions individuelles. L\u2019an dernier, ann\u00e9e d\u2019institutionnalisation de ce rite \u00ab pentecostal \u00bb, une question \u00e9tait pos\u00e9e : \u201cO\u00f9 en est l\u2019autoformation ? O\u00f9 en est le Graf ?\u201d<\/p>\n<p>Pour ce deuxi\u00e8me symposium, le th\u00e8me propos\u00e9 est le suivant :<\/p>\n<h5 style=\"text-align: center;\">Les \u201csavoirs spirituels\u201d (cf. M. Foucault) :<br \/>\nComment les caract\u00e9riser ? Comment s\u2019apprennent-\u00adils ? Comment se transmettent-\u00adils ?<\/h5>\n<p>\u00c9tant donn\u00e9 la richesse de ces \u00e9changes, il a propos\u00e9 que l\u2019ensemble des \u00e9changes soit enregistr\u00e9 pour en constituer une \u00ab Somme du Symposium \u00bb, en pr\u00e9cisant l\u2019ann\u00e9e de sa tenue. Ainsi, se constituera, au fil des ann\u00e9es, une trace et une compilation de l\u2019aventure de l\u2019autoformation.<\/p>\n<p>Nous aurons \u00e9galement l\u2019occasion de pr\u00e9voir nos contributions au 9\u00e8me colloque sur l\u2019autoformation \u00e0 Angers, du 26-\u00ad\u201028 octobre 2016, sur le th\u00e8me : \u201cApprendre ensemble dans la soci\u00e9t\u00e9 de l\u2019acc\u00e9l\u00e9ration. Questions pour l\u2019\u00e9ducation, le travail et la sant\u00e9 \u00bb.<\/p>\n<p>De plus, nous aurons le plaisir de passer la soir\u00e9e du Samedi 14 avec Bernard BESRET (<a href=\"https:\/\/fr.wikipedia.org\/wiki\/Bernard_Besret\" target=\"_blank\" rel=\"noopener\">https:\/\/fr.wikipedia.org\/wiki\/Bernard_Besret<\/a>).<\/p>\n<p style=\"text-align: right;\"><em>Contact:<\/em> <strong>Andr\u00e9 MOISAN<\/strong><\/p>\n<p style=\"text-align: left;\"><strong>Remarque<\/strong><\/p>\n<p style=\"text-align: left;\"><em>En tapant le mot \u00ab\u00a0spirituel\u00a0\u00bb dans la case de recherche, en haut \u00e0 droite de la page, vous obtiendrez 11 occurrences.<\/em><strong><br \/>\n<\/strong><\/p>\n","protected":false},"excerpt":{"rendered":"<p>Du Vendredi soir 13 Mai 2016 au Lundi 19 midi \u00e0 PLOUGRESCANT (C\u00f4tes d\u2019Armor) <\/p>\n<p>Comme l\u2019an dernier, le symposium des membres du Graf aura lieu pendant le week-\u00adend de la Pentec\u00f4te. C\u2019est une occasion unique pour :<\/p>\n<p> \u00e9changer nos productions individuelles et collectives dans le champ de l\u2019autoformation ; faire le bilan des activit\u00e9s men\u00e9es [&#8230;]<\/p>\n","protected":false},"author":3,"featured_media":0,"comment_status":"open","ping_status":"open","sticky":false,"template":"","format":"standard","meta":{"footnotes":""},"categories":[4],"tags":[],"class_list":["post-1992","post","type-post","status-publish","format-standard","hentry","category-evenements","odd"],"_links":{"self":[{"href":"https:\/\/cis-h.fr\/AGRAF\/wp-json\/wp\/v2\/posts\/1992","targetHints":{"allow":["GET"]}}],"collection":[{"href":"https:\/\/cis-h.fr\/AGRAF\/wp-json\/wp\/v2\/posts"}],"about":[{"href":"https:\/\/cis-h.fr\/AGRAF\/wp-json\/wp\/v2\/types\/post"}],"author":[{"embeddable":true,"href":"https:\/\/cis-h.fr\/AGRAF\/wp-json\/wp\/v2\/users\/3"}],"replies":[{"embeddable":true,"href":"https:\/\/cis-h.fr\/AGRAF\/wp-json\/wp\/v2\/comments?post=1992"}],"version-history":[{"count":0,"href":"https:\/\/cis-h.fr\/AGRAF\/wp-json\/wp\/v2\/posts\/1992\/revisions"}],"wp:attachment":[{"href":"https:\/\/cis-h.fr\/AGRAF\/wp-json\/wp\/v2\/media?parent=1992"}],"wp:term":[{"taxonomy":"category","embeddable":true,"href":"https:\/\/cis-h.fr\/AGRAF\/wp-json\/wp\/v2\/categories?post=1992"},{"taxonomy":"post_tag","embeddable":true,"href":"https:\/\/cis-h.fr\/AGRAF\/wp-json\/wp\/v2\/tags?post=1992"}],"curies":[{"name":"wp","href":"https:\/\/api.w.org\/{rel}","templated":true}]}}