{"id":2020,"date":"2016-06-08T08:43:18","date_gmt":"2016-06-08T08:43:18","guid":{"rendered":"http:\/\/lllearning.free-h.net\/GRAF\/?p=2020"},"modified":"2016-06-08T08:43:18","modified_gmt":"2016-06-08T08:43:18","slug":"revue-inter-leger-bresil-transdisciplinarite","status":"publish","type":"post","link":"https:\/\/cis-h.fr\/AGRAF\/2016\/06\/08\/revue-inter-leger-bresil-transdisciplinarite\/","title":{"rendered":"revue Inter-Leger (Br\u00e9sil) : transdisciplinarit\u00e9"},"content":{"rendered":"<p><span style=\"font-size: medium;\"><em>&lsquo;ai  le plaisir d&rsquo;annoncer le dernier num\u00e9ro de la revue Inter-Leger  (Br\u00e9sil) avec un dossier sp\u00e9cial sur la transdisciplinarit\u00e9 !<\/p>\n<p><\/em><\/span><\/p>\n<p><span style=\"font-size: medium;\"><em>C\u2019est un tr\u00e8s beau num\u00e9ro coordonn\u00e9 par Thiago Lucena, Josineide Silveira De Oliveira et Maria Da Concei\u00e7\u00e3o De Almeida.<\/em><\/span><\/p>\n<p><span style=\"font-size: medium;\"><em><br \/>\nAvec des textes de Basarab Nicolescu, Pascal Galvani, Emilio Ciurana et  C\u00e9cilia Loup, Ra\u00fal Motta, Ana Cecilia Espinosa Mart\u00ednez, Jos\u00e9 Antonio  Serrano Casta\u00f1eda, Juan Mario Morales Jean Rm, Arturo Ballesteros  Leiner, Blanca Fleur\u00a0Trujillo  Reyes, Elsa Lechner, Maria Candida Moraes et romildo d&rsquo;Albuquerque  Nogueira, Paulo Fernando Lima Souza, Rubens Philippe de Arruda Amorim  Oliveira.<\/em><\/span><\/p>\n<p><span style=\"font-size: medium;\"><em><br \/>\nTous les articles peuvent \u00eatre t\u00e9l\u00e9charg\u00e9 gratuitement sur le site:<br \/>\n<a rel=\"nofollow noopener\" href=\"http:\/\/www.periodicos.ufrn.br\/interlegere\/issue\/view\/415\" target=\"_blank\">http:\/\/www.periodicos.ufrn.br\/interlegere\/issue\/view\/415<\/a><\/em><\/span><\/p>\n<div>\n<p><span style=\"font-size: medium;\"><em><br \/>\n<\/em><\/span><\/p>\n<p><span style=\"font-size: medium;\"><em>Pour  ceux qui le souhaitent, une version fran\u00e7aise de mon article est  disponible dans la revue \u00ab\u00a0Pratiques de Formation\/Analyse\u00a0\u00bb accessible  avec les liens suivants:<\/em><\/span><\/p>\n<p><span style=\"font-size: medium;\"><em>Galvani  P. 2014. \u00ab\u00a0La dimension spirituelle de la formation existentielle\u00a0\u00bb  dans Pratiques de formation\\Analyses n\u00b0\u00a064-65\u00a0: Pratiques spirituelles,  autoformation et interculturalit\u00e9,  Universit\u00e9 Paris\u00a08 pp.\u00a061-78. <\/em><\/span><\/p>\n<p><a href=\"https:\/\/dl.dropboxusercontent.com\/u\/5272054\/Galvani%20pdf\/Autoformation\/Galvani%20La%20dimension%20spirituelle%20de%20la%20formation%20existentielle%2061-78%20PFA.pdf\" target=\"_blank\" rel=\"noopener\"><span style=\"font-size: medium;\"><em>https:\/\/dl.dropboxusercontent.com\/u\/5272054\/Galvani%20pdf\/Autoformation\/Galvani%20La%20dimension%20spirituelle%20de%20la%20formation%20existentielle%2061-78%20PFA.pdf<\/em><\/span><\/a><\/p>\n<p><span style=\"font-size: medium;\"><em><br \/>\n<\/em><\/span><\/p>\n<p><span style=\"font-size: medium;\"><em>revue compl\u00e8te<\/em><\/span><\/p>\n<p><span style=\"font-size: medium;\"><em>Galvani P., Moisan A. (2014)  \u00ab\u00a0Pratiques spirituelles autoformation et interculturalit\u00e9\u00a0\u00bb, Revue  Pratiques de formation\\Analyses n\u00b064-65, Revue Internationale en  Sciences de l\u2019\u00c9ducation Paris\u00a0: Universit\u00e9  de Paris\u00a08.<\/em><\/span><\/p>\n<p><a href=\"https:\/\/dl.dropboxusercontent.com\/u\/5272054\/Galvani%20pdf\/Autoformation\/PFA%2064-65%20Pratiques%20spirituelles%20autoformation%20et%20interculturalit%C3%A9.pdf\" target=\"_blank\" rel=\"noopener\"><span style=\"font-size: medium;\"><em>https:\/\/dl.dropboxusercontent.com\/u\/5272054\/Galvani%20pdf\/Autoformation\/PFA%2064-65%20Pratiques%20spirituelles%20autoformation%20et%20interculturalit\u00e9.pdf<\/em><\/span><\/a><\/p>\n<p><em><span style=\"font-size: medium;\"><br \/>\n<\/span><\/em><\/p>\n<p><em><span style=\"font-size: medium;\">Bonne lecture &#8230;<\/span><\/em><\/p>\n<\/div>\n<div>\n<div>\n<div>\n<div>\n<div>\n<div>\n<div>\n<div>\n<div>\n<div>\n<div>\n<div>\n<div>\n<div>\n<div>\n<div>\n<p style=\"text-align: right;\"><span style=\"font-family: Times New Roman;\"><span style=\"font-size: small;\"><strong>Pascal Galvani <\/strong><\/span><\/span><\/p>\n<\/div>\n<\/div>\n<\/div>\n<\/div>\n<\/div>\n<\/div>\n<\/div>\n<\/div>\n<\/div>\n<\/div>\n<\/div>\n<\/div>\n<\/div>\n<\/div>\n<\/div>\n<\/div>\n","protected":false},"excerpt":{"rendered":"<p>&lsquo;ai le plaisir d&rsquo;annoncer le dernier num\u00e9ro de la revue Inter-Leger (Br\u00e9sil) avec un dossier sp\u00e9cial sur la transdisciplinarit\u00e9 !<\/p>\n<\/p>\n<p>C\u2019est un tr\u00e8s beau num\u00e9ro coordonn\u00e9 par Thiago Lucena, Josineide Silveira De Oliveira et Maria Da Concei\u00e7\u00e3o De Almeida.<\/p>\n<p> Avec des textes de Basarab Nicolescu, Pascal Galvani, Emilio Ciurana et C\u00e9cilia Loup, Ra\u00fal [&#8230;]<\/p>\n","protected":false},"author":3,"featured_media":0,"comment_status":"open","ping_status":"open","sticky":false,"template":"","format":"standard","meta":{"footnotes":""},"categories":[7],"tags":[],"class_list":["post-2020","post","type-post","status-publish","format-standard","hentry","category-biblio","odd"],"_links":{"self":[{"href":"https:\/\/cis-h.fr\/AGRAF\/wp-json\/wp\/v2\/posts\/2020","targetHints":{"allow":["GET"]}}],"collection":[{"href":"https:\/\/cis-h.fr\/AGRAF\/wp-json\/wp\/v2\/posts"}],"about":[{"href":"https:\/\/cis-h.fr\/AGRAF\/wp-json\/wp\/v2\/types\/post"}],"author":[{"embeddable":true,"href":"https:\/\/cis-h.fr\/AGRAF\/wp-json\/wp\/v2\/users\/3"}],"replies":[{"embeddable":true,"href":"https:\/\/cis-h.fr\/AGRAF\/wp-json\/wp\/v2\/comments?post=2020"}],"version-history":[{"count":0,"href":"https:\/\/cis-h.fr\/AGRAF\/wp-json\/wp\/v2\/posts\/2020\/revisions"}],"wp:attachment":[{"href":"https:\/\/cis-h.fr\/AGRAF\/wp-json\/wp\/v2\/media?parent=2020"}],"wp:term":[{"taxonomy":"category","embeddable":true,"href":"https:\/\/cis-h.fr\/AGRAF\/wp-json\/wp\/v2\/categories?post=2020"},{"taxonomy":"post_tag","embeddable":true,"href":"https:\/\/cis-h.fr\/AGRAF\/wp-json\/wp\/v2\/tags?post=2020"}],"curies":[{"name":"wp","href":"https:\/\/api.w.org\/{rel}","templated":true}]}}