{"id":2024,"date":"2016-06-08T09:52:17","date_gmt":"2016-06-08T09:52:17","guid":{"rendered":"http:\/\/lllearning.free-h.net\/GRAF\/?p=2024"},"modified":"2016-06-08T09:52:17","modified_gmt":"2016-06-08T09:52:17","slug":"no-de-leducation-permanente-sur-lapprenance","status":"publish","type":"post","link":"https:\/\/cis-h.fr\/AGRAF\/2016\/06\/08\/no-de-leducation-permanente-sur-lapprenance\/","title":{"rendered":"No de l&rsquo;Education Permanente sur l&rsquo;apprenance"},"content":{"rendered":"<h3>n\u00b0207 &#8211; 2016-2 &#8211; <a href=\"http:\/\/www.education-permanente.fr\/public\/articles\/articles.php?id_revue=1739&amp;start=0\" target=\"_blank\" rel=\"noopener\">Autour de l&rsquo;apprenance<\/a><\/h3>\n<blockquote><p>Depuis une dizaine d\u2019ann\u00e9es, les travaux sur l\u2019\u00e9volution de la formation  des adultes font de plus en plus souvent r\u00e9f\u00e9rence \u00e0 l\u2019apprenance,  autour de laquelle se cristallise une nouvelle culture de la formation :  le d\u00e9veloppement permanent des comp\u00e9tences sociales et professionnelles  gr\u00e2ce \u00e0 l\u2019apprentissage tout au long de la vie, ainsi qu\u2019un  renversement de perspective qui donne toute sa place au \u00ab sujet social  apprenant \u00bb. L\u2019apprenance r\u00e9interroge les conceptions des chercheurs,  formateurs, consultants et d\u00e9cideurs, d\u2019un triple point de vue : le r\u00f4le  de l\u2019individu apprenant ; les approches p\u00e9dagogiques de facilitation  des apprentissages ; les environnements apprenants. Ce dossier  d\u2019Education permanente entend contribuer \u00e0 consolider la notion  d\u2019apprenance \u00e0 partir des r\u00e9flexions actuelles qui la mobilisent, et  susciter un d\u00e9bat scientifique et p\u00e9dagogique sur ce th\u00e8me (parution : 3  juin 2016).<\/p><\/blockquote>\n<table border=\"0\" cellpadding=\"0\" width=\"98%\">\n<tbody>\n<tr>\n<td colspan=\"2\"><a href=\"http:\/\/www.education-permanente.fr\/public\/articles\/articles.php?id_revue=1739&amp;id_article=2509#resume2509\">L\u2019apprenance : des dispositions aux   situations<\/a><\/td>\n<td>Philippe   Carr\u00e9<\/td>\n<\/tr>\n<tr>\n<td colspan=\"2\"><a href=\"http:\/\/www.education-permanente.fr\/public\/articles\/articles.php?id_revue=1739&amp;id_article=2510#resume2510\">Comment apprendre \u00e0 travailler demain ?<\/a><\/td>\n<td>Olivier   Charbonnier<\/td>\n<\/tr>\n<tr>\n<td colspan=\"2\"><a href=\"http:\/\/www.education-permanente.fr\/public\/articles\/articles.php?id_revue=1739&amp;id_article=2511#resume2511\">L\u2019apprenance, une contribution   d\u00e9terminante en organisation<\/a><\/td>\n<td>Jean-Fran\u00e7ois   Roussel<\/td>\n<\/tr>\n<tr>\n<td colspan=\"2\"><a href=\"http:\/\/www.education-permanente.fr\/public\/articles\/articles.php?id_revue=1739&amp;id_article=2512#resume2512\">Apprenance et apprentissages infirmiers   informels<\/a><\/td>\n<td>Anne   Muller<\/td>\n<\/tr>\n<tr>\n<td colspan=\"2\"><a href=\"http:\/\/www.education-permanente.fr\/public\/articles\/articles.php?id_revue=1739&amp;id_article=2513#resume2513\">Apprendre \u00e0 g\u00e9rer sa sant\u00e9<\/a><\/td>\n<td>B\u00e9atrice   Vicherat<\/td>\n<\/tr>\n<tr>\n<td colspan=\"2\"><a href=\"http:\/\/www.education-permanente.fr\/public\/articles\/articles.php?id_revue=1739&amp;id_article=2514#resume2514\">Apprenance en langues \u00e9trang\u00e8res : la   r\u00e9ussite face \u00e0 la complexit\u00e9<\/a><\/td>\n<td>Stephen   Scott Brewer<\/td>\n<\/tr>\n<tr>\n<td colspan=\"2\"><a href=\"http:\/\/www.education-permanente.fr\/public\/articles\/articles.php?id_revue=1739&amp;id_article=2515#resume2515\">L\u2019apprenance dans la deuxi\u00e8me moiti\u00e9 de   la vie<\/a><\/td>\n<td>Dominique   Kern, Fran\u00e7oise Lemaire<\/td>\n<\/tr>\n<tr>\n<td colspan=\"2\"><a href=\"http:\/\/www.education-permanente.fr\/public\/articles\/articles.php?id_revue=1739&amp;id_article=2516#resume2516\">Les racines philosophiques de   l\u2019apprenance<\/a><\/td>\n<td>Bernard   Alix<\/td>\n<\/tr>\n<tr>\n<td colspan=\"2\"><a href=\"http:\/\/www.education-permanente.fr\/public\/articles\/articles.php?id_revue=1739&amp;id_article=2517#resume2517\">Les dispositions \u00e0 apprendre :   perspectives sociologiques<\/a><\/td>\n<td>C\u00e9dric   Fr\u00e9tign\u00e9<\/td>\n<\/tr>\n<tr>\n<td colspan=\"2\"><a href=\"http:\/\/www.education-permanente.fr\/public\/articles\/articles.php?id_revue=1739&amp;id_article=2518#resume2518\">L\u2019apprenance au prisme de l\u2019approche par   les capabilit\u00e9s<\/a><\/td>\n<td>Magali   Prost, Solveig Fernagu Oudet<\/td>\n<\/tr>\n<tr>\n<td colspan=\"2\"><a href=\"http:\/\/www.education-permanente.fr\/public\/articles\/articles.php?id_revue=1739&amp;id_article=2519#resume2519\">Apprenance, rapport aux sciences et   effets de la cat\u00e9gorisation scientifique scolaire<\/a><\/td>\n<td>Olivier   Las Vergnas<\/td>\n<\/tr>\n<tr>\n<td colspan=\"2\"><a href=\"http:\/\/www.education-permanente.fr\/public\/articles\/articles.php?id_revue=1739&amp;id_article=2520#resume2520\">Apprendre tout au long de la vie : une   question d\u2019agentivit\u00e9 limit\u00e9e<\/a><\/td>\n<td>Karen   Evans<\/td>\n<\/tr>\n<tr>\n<td colspan=\"2\"><a href=\"http:\/\/www.education-permanente.fr\/public\/articles\/articles.php?id_revue=1739&amp;id_article=2521#resume2521\">G\u00e9n\u00e9alogie de l\u2019apprenance<\/a><\/td>\n<td>Maxime   Jore<\/td>\n<\/tr>\n<tr>\n<td colspan=\"2\"><a href=\"http:\/\/www.education-permanente.fr\/public\/articles\/articles.php?id_revue=1739&amp;id_article=2522#resume2522\">Du sentiment d\u2019efficacit\u00e9 personnelle \u00e0   l\u2019apprenance<\/a><\/td>\n<td>St\u00e9phanie   Vall\u00e9e<\/td>\n<\/tr>\n<tr>\n<td colspan=\"2\"><a href=\"http:\/\/www.education-permanente.fr\/public\/articles\/articles.php?id_revue=1739&amp;id_article=2523#resume2523\">L\u2019int\u00e9r\u00eat : \u00e9tat, transition et   disposition<\/a><\/td>\n<td>Nora   Yennek, Fabien Fenouillet<\/td>\n<\/tr>\n<tr>\n<td colspan=\"2\"><a href=\"http:\/\/www.education-permanente.fr\/public\/articles\/articles.php?id_revue=1739&amp;id_article=2524#resume2524\">L\u2019environnement personnel d\u2019apprentissage   : un instrument pour l\u2019apprenance ?<\/a><\/td>\n<td>Bernard   Blandin<\/td>\n<\/tr>\n<tr>\n<td colspan=\"2\"><a href=\"http:\/\/www.education-permanente.fr\/public\/articles\/articles.php?id_revue=1739&amp;id_article=2525#resume2525\">Apprentissage en situation de travail et   apprenance<\/a><\/td>\n<td>Sandra   Enlart, Fr\u00e9d\u00e9rique G\u00e9rard<\/td>\n<\/tr>\n<tr>\n<td colspan=\"2\"><a href=\"http:\/\/www.education-permanente.fr\/public\/articles\/articles.php?id_revue=1739&amp;id_article=2526#resume2526\">Peut-on cr\u00e9er des communaut\u00e9s   d\u2019apprentissage ?<\/a><\/td>\n<td>Denis   Cristol<\/td>\n<\/tr>\n<tr>\n<td colspan=\"2\"><a href=\"http:\/\/www.education-permanente.fr\/public\/articles\/articles.php?id_revue=1739&amp;id_article=2527#resume2527\">Les r\u00e9seaux apprenants \u00e0 la SNCF<\/a><\/td>\n<td>Thierry   Raynard<\/td>\n<\/tr>\n<tr>\n<td colspan=\"2\"><a href=\"http:\/\/www.education-permanente.fr\/public\/articles\/articles.php?id_revue=1739&amp;id_article=2528#resume2528\">Plaidoyer pour une mesure de l\u2019apprenance<\/a><\/td>\n<td>Rapha\u00ebl   Grasset<\/td>\n<\/tr>\n<tr>\n<td><a href=\"http:\/\/www.education-permanente.fr\/public\/articles\/articles.php?id_revue=1739&amp;id_article=2529#resume2529\">Les technologies, alli\u00e9es de l\u2019apprenance   ?<\/a><\/td>\n<td colspan=\"2\">Christophe   Jeunesse, Mo\u00efse D\u00e9ro<\/td>\n<\/tr>\n<\/tbody>\n<\/table>\n","protected":false},"excerpt":{"rendered":"<p>n\u00b0207 &#8211; 2016-2 &#8211; Autour de l&rsquo;apprenance <\/p>\n<p>Depuis une dizaine d\u2019ann\u00e9es, les travaux sur l\u2019\u00e9volution de la formation des adultes font de plus en plus souvent r\u00e9f\u00e9rence \u00e0 l\u2019apprenance, autour de laquelle se cristallise une nouvelle culture de la formation : le d\u00e9veloppement permanent des comp\u00e9tences sociales et professionnelles gr\u00e2ce \u00e0 l\u2019apprentissage tout au long [&#8230;]<\/p>\n","protected":false},"author":3,"featured_media":0,"comment_status":"open","ping_status":"open","sticky":false,"template":"","format":"standard","meta":{"footnotes":""},"categories":[7],"tags":[],"class_list":["post-2024","post","type-post","status-publish","format-standard","hentry","category-biblio","odd"],"_links":{"self":[{"href":"https:\/\/cis-h.fr\/AGRAF\/wp-json\/wp\/v2\/posts\/2024","targetHints":{"allow":["GET"]}}],"collection":[{"href":"https:\/\/cis-h.fr\/AGRAF\/wp-json\/wp\/v2\/posts"}],"about":[{"href":"https:\/\/cis-h.fr\/AGRAF\/wp-json\/wp\/v2\/types\/post"}],"author":[{"embeddable":true,"href":"https:\/\/cis-h.fr\/AGRAF\/wp-json\/wp\/v2\/users\/3"}],"replies":[{"embeddable":true,"href":"https:\/\/cis-h.fr\/AGRAF\/wp-json\/wp\/v2\/comments?post=2024"}],"version-history":[{"count":0,"href":"https:\/\/cis-h.fr\/AGRAF\/wp-json\/wp\/v2\/posts\/2024\/revisions"}],"wp:attachment":[{"href":"https:\/\/cis-h.fr\/AGRAF\/wp-json\/wp\/v2\/media?parent=2024"}],"wp:term":[{"taxonomy":"category","embeddable":true,"href":"https:\/\/cis-h.fr\/AGRAF\/wp-json\/wp\/v2\/categories?post=2024"},{"taxonomy":"post_tag","embeddable":true,"href":"https:\/\/cis-h.fr\/AGRAF\/wp-json\/wp\/v2\/tags?post=2024"}],"curies":[{"name":"wp","href":"https:\/\/api.w.org\/{rel}","templated":true}]}}