{"id":2046,"date":"2017-02-22T16:17:43","date_gmt":"2017-02-22T16:17:43","guid":{"rendered":"http:\/\/lllearning.free-h.net\/GRAF\/?p=2046"},"modified":"2017-02-22T16:17:43","modified_gmt":"2017-02-22T16:17:43","slug":"dehors-ces-milieux-qui-nous-transforment","status":"publish","type":"post","link":"https:\/\/cis-h.fr\/AGRAF\/2017\/02\/22\/dehors-ces-milieux-qui-nous-transforment\/","title":{"rendered":"Dehors &#8211; Ces milieux qui nous transforment"},"content":{"rendered":"<h4>R\u00e9cits \u00e9co-biographiques n\u00e9s d\u2019ateliers d\u2019\u00e9criture<\/h4>\n<h4>Sous la direction de Dominique Cottereau<\/h4>\n<p style=\"text-align: justify;\">De l\u2019\u00e9ducation ou de la formation on a surtout pens\u00e9, d\u00e9crit, explor\u00e9 la part sociale. Mais on m\u00e9conna\u00eet ce qu\u2019apporte l\u2019environnement non humain \u00e0 nos apprentissages et \u00e0 la construction de nos identit\u00e9s. Cet ouvrage tente d\u2019en lever quelques voiles \u00e0 partir de r\u00e9cits de vie et d\u2019exp\u00e9riences dans lesquels la part de la nature appara\u00eet pr\u00e9pond\u00e9rante. Il est le r\u00e9sultat d\u2019un travail d\u2019\u00e9criture men\u00e9 d\u2019abord collectivement au cours d\u2019un stage d\u2019autobiographie environnementale de trois jours v\u00e9cus dans un petit coin du bocage deux-s\u00e9vrien, puis d\u2019un lent processus individuel de maturation et de mise en forme des t\u00e9moignages. Un troisi\u00e8me temps, de retrouvailles et de mise en partage des textes, permit d\u2019en concevoir l\u2019organisation g\u00e9n\u00e9rale et le titre. Notre livre voudrait participer \u00e0 lever les inconscients \u00e9cologiques qui dominent notre soci\u00e9t\u00e9 contemporaine. Les animaux, les v\u00e9g\u00e9taux, les \u00e9cosyst\u00e8mes portent une valeur existentielle comme nos vies humaines. Nous sommes li\u00e9s \u00e0 eux par une multitude d\u2019interactions. Nous ne pouvons plus le nier. Mettons \u00e0 la lumi\u00e8re la place qu\u2019ils prennent dans nos \u00eatres-au monde et le sens que nous donnons \u00e0 la vie en les int\u00e9grant \u00e0 nos gestes d\u2019attention.<\/p>\n<p style=\"text-align: justify;\"><strong>Pr\u00e9sentation, table des mati\u00e8res et bon de commande : <a href=\"http:\/\/lllearning.free-h.net\/GRAF\/wp-content\/uploads\/2017\/02\/Dehors-plaquette-promotion.pdf\">Dehors plaquette promotion<\/a><br \/>\n<\/strong><\/p>\n","protected":false},"excerpt":{"rendered":"<p>R\u00e9cits \u00e9co-biographiques n\u00e9s d\u2019ateliers d\u2019\u00e9criture Sous la direction de Dominique Cottereau <\/p>\n<p style=\"text-align: justify;\">De l\u2019\u00e9ducation ou de la formation on a surtout pens\u00e9, d\u00e9crit, explor\u00e9 la part sociale. Mais on m\u00e9conna\u00eet ce qu\u2019apporte l\u2019environnement non humain \u00e0 nos apprentissages et \u00e0 la construction de nos identit\u00e9s. Cet ouvrage tente d\u2019en lever quelques voiles \u00e0 partir [&#8230;]<\/p>\n","protected":false},"author":3,"featured_media":0,"comment_status":"open","ping_status":"open","sticky":false,"template":"","format":"standard","meta":{"footnotes":""},"categories":[7],"tags":[],"class_list":["post-2046","post","type-post","status-publish","format-standard","hentry","category-biblio","odd"],"_links":{"self":[{"href":"https:\/\/cis-h.fr\/AGRAF\/wp-json\/wp\/v2\/posts\/2046","targetHints":{"allow":["GET"]}}],"collection":[{"href":"https:\/\/cis-h.fr\/AGRAF\/wp-json\/wp\/v2\/posts"}],"about":[{"href":"https:\/\/cis-h.fr\/AGRAF\/wp-json\/wp\/v2\/types\/post"}],"author":[{"embeddable":true,"href":"https:\/\/cis-h.fr\/AGRAF\/wp-json\/wp\/v2\/users\/3"}],"replies":[{"embeddable":true,"href":"https:\/\/cis-h.fr\/AGRAF\/wp-json\/wp\/v2\/comments?post=2046"}],"version-history":[{"count":0,"href":"https:\/\/cis-h.fr\/AGRAF\/wp-json\/wp\/v2\/posts\/2046\/revisions"}],"wp:attachment":[{"href":"https:\/\/cis-h.fr\/AGRAF\/wp-json\/wp\/v2\/media?parent=2046"}],"wp:term":[{"taxonomy":"category","embeddable":true,"href":"https:\/\/cis-h.fr\/AGRAF\/wp-json\/wp\/v2\/categories?post=2046"},{"taxonomy":"post_tag","embeddable":true,"href":"https:\/\/cis-h.fr\/AGRAF\/wp-json\/wp\/v2\/tags?post=2046"}],"curies":[{"name":"wp","href":"https:\/\/api.w.org\/{rel}","templated":true}]}}