{"id":2050,"date":"2017-02-27T13:58:13","date_gmt":"2017-02-27T13:58:13","guid":{"rendered":"http:\/\/lllearning.free-h.net\/GRAF\/?p=2050"},"modified":"2017-02-27T13:58:13","modified_gmt":"2017-02-27T13:58:13","slug":"duzert-m-vivre-ensemble-son-autonomie","status":"publish","type":"post","link":"https:\/\/cis-h.fr\/AGRAF\/2017\/02\/27\/duzert-m-vivre-ensemble-son-autonomie\/","title":{"rendered":"DUZERT M., VIVRE ENSEMBLE SON AUTONOMIE"},"content":{"rendered":"<p>L&rsquo;Harmattan, septembre 2016<\/p>\n<p><a title=\"Vivre ensemble son autonomie\" href=\"http:\/\/www.editions-harmattan.fr\/index.asp?navig=catalogue&amp;obj=livre&amp;no=51442\" target=\"_blank\" rel=\"noopener\">http:\/\/www.editions-harmattan.fr\/index.asp?navig=catalogue&amp;obj=livre&amp;no=51442<\/a><\/p>\n<p style=\"text-align: justify;\">Par sa facture et son \u00e9criture originales, cet ouvrage r\u00e9ussit le tour de force d\u2019ancrer et de proposer une voie op\u00e9rationnelle encore tr\u00e8s in\u00e9dite, d\u2019apprentissage social de l\u2019autonomie. Voie paradoxale, subtile, simple et complexe. Elle rel\u00e8ve plus d\u2019une dynamique initiatique \u00e0 inventer ensemble, que d\u2019un enseignement programmatique \u00e0 r\u00e9aliser. Dynamique de gestion de discontinuit\u00e9s pour les rendre cr\u00e9atrices, plus que de reproductions conditionnantes. Dans le prolongement de penseurs d\u2019une soci\u00e9t\u00e9 postmoderne en \u00e9volution permanente, cet ouvrage propose une ing\u00e9nierie strat\u00e9gique, ing\u00e9nieuse et g\u00e9n\u00e9reuse, pour \u00ab s\u2019entre-voir agir dans le flux du monde \u00bb, ultime boucle d\u2019une autopo\u00ef\u00e8se \u00e0 la <a href=\"https:\/\/fr.wikipedia.org\/wiki\/Francisco_Varela\" target=\"_blank\" rel=\"noopener\">Varela<\/a>, par<strong> auto-, co- et \u00e9coformation conjointes en alternances<\/strong>. G\u00e9nial ! Il initie une voie pour rendre les ruptures formatrices, utiliser les impr\u00e9vus et les surprises pour \u00ab Vivre ensemble son autonomie \u00bb. De quoi se laisser surprendre !<br \/>\n<em><strong>Gaston Pinea<\/strong>u professeur en science de l\u2019\u00e9ducation et en science sociale universit\u00e9 de Tours <\/em><\/p>\n<h4><em>SOMMAIRE<\/em><\/h4>\n<p>La perturbation cr\u00e9atrice &#8230;&#8230;&#8230;&#8230;&#8230;&#8230;&#8230;&#8230;&#8230;&#8230;&#8230;&#8230;&#8230;&#8230;&#8230;&#8230;&#8230;&#8230;. 8<\/p>\n<p>Histoire d\u2019un chemin d\u2019apprenance d\u00e9couvert en marchant &#8230;&#8230;&#8230;&#8230;&#8230;.. 10<\/p>\n<p>1. Premi\u00e8re porte sans porte. C\u00f4t\u00e9 face du r\u00e9cit. De l\u2019avenir au pass\u00e9 &#8230;&#8230;. 15<\/p>\n<p>2. Deuxi\u00e8me porte sans porte. C\u00f4t\u00e9 pile du r\u00e9cit. Du pass\u00e9 vers l\u2019avenir &#8230;. 45<\/p>\n<p style=\"padding-left: 30px;\">Premi\u00e8re boucle de connaissance. S\u2019entre-voir innovant&#8230; &#8230;&#8230;&#8230;&#8230;.. 45<\/p>\n<p style=\"padding-left: 30px;\">Deuxi\u00e8me boucle de connaissance. S\u2019entre-voir intuitif &#8230;&#8230;&#8230;&#8230;&#8230;..96<\/p>\n<p style=\"padding-left: 30px;\">Ultime boucle. S\u2019entre-voir agir dans le flux du monde &#8230;&#8230;&#8230;&#8230;&#8230;.. 112<\/p>\n<p>3. Le temps des \u00e9valuations &#8230;&#8230;&#8230;&#8230;&#8230;&#8230;&#8230;&#8230;&#8230;&#8230;&#8230;&#8230;&#8230;&#8230;&#8230;&#8230;&#8230; 128<\/p>\n<p>Bibliographie &#8230;&#8230;..<\/p>\n<p>&nbsp;<\/p>\n<h4>Film<em> \u00ab\u00a0<a href=\"https:\/\/www.lairedu.fr\/media\/video\/film-pedagogique\/le-cercle-creatif-dans-lentreprise\/\" target=\"_blank\" rel=\"noopener\">Le cercle cr\u00e9atif dans l&rsquo;entreprise<\/a> \u00ab\u00a0, Autonomie &#8211; Commande<\/em><\/h4>\n","protected":false},"excerpt":{"rendered":"<p>L&rsquo;Harmattan, septembre 2016<\/p>\n<p>http:\/\/www.editions-harmattan.fr\/index.asp?navig=catalogue&amp;obj=livre&amp;no=51442<\/p>\n<p style=\"text-align: justify;\">Par sa facture et son \u00e9criture originales, cet ouvrage r\u00e9ussit le tour de force d\u2019ancrer et de proposer une voie op\u00e9rationnelle encore tr\u00e8s in\u00e9dite, d\u2019apprentissage social de l\u2019autonomie. Voie paradoxale, subtile, simple et complexe. Elle rel\u00e8ve plus d\u2019une dynamique initiatique \u00e0 inventer ensemble, que d\u2019un enseignement programmatique \u00e0 r\u00e9aliser. [&#8230;]<\/p>\n","protected":false},"author":3,"featured_media":0,"comment_status":"open","ping_status":"open","sticky":false,"template":"","format":"standard","meta":{"footnotes":""},"categories":[7],"tags":[],"class_list":["post-2050","post","type-post","status-publish","format-standard","hentry","category-biblio","odd"],"_links":{"self":[{"href":"https:\/\/cis-h.fr\/AGRAF\/wp-json\/wp\/v2\/posts\/2050","targetHints":{"allow":["GET"]}}],"collection":[{"href":"https:\/\/cis-h.fr\/AGRAF\/wp-json\/wp\/v2\/posts"}],"about":[{"href":"https:\/\/cis-h.fr\/AGRAF\/wp-json\/wp\/v2\/types\/post"}],"author":[{"embeddable":true,"href":"https:\/\/cis-h.fr\/AGRAF\/wp-json\/wp\/v2\/users\/3"}],"replies":[{"embeddable":true,"href":"https:\/\/cis-h.fr\/AGRAF\/wp-json\/wp\/v2\/comments?post=2050"}],"version-history":[{"count":0,"href":"https:\/\/cis-h.fr\/AGRAF\/wp-json\/wp\/v2\/posts\/2050\/revisions"}],"wp:attachment":[{"href":"https:\/\/cis-h.fr\/AGRAF\/wp-json\/wp\/v2\/media?parent=2050"}],"wp:term":[{"taxonomy":"category","embeddable":true,"href":"https:\/\/cis-h.fr\/AGRAF\/wp-json\/wp\/v2\/categories?post=2050"},{"taxonomy":"post_tag","embeddable":true,"href":"https:\/\/cis-h.fr\/AGRAF\/wp-json\/wp\/v2\/tags?post=2050"}],"curies":[{"name":"wp","href":"https:\/\/api.w.org\/{rel}","templated":true}]}}