{"id":2073,"date":"2020-08-24T16:47:38","date_gmt":"2020-08-24T16:47:38","guid":{"rendered":"http:\/\/lllearning.free-h.net\/GRAF\/?p=2073"},"modified":"2020-08-24T16:47:38","modified_gmt":"2020-08-24T16:47:38","slug":"lautodidacte-a-lautodidaxie-a-lere-du-numerique","status":"publish","type":"post","link":"https:\/\/cis-h.fr\/AGRAF\/2020\/08\/24\/lautodidacte-a-lautodidaxie-a-lere-du-numerique\/","title":{"rendered":"l&rsquo;Autodidacte \u00e0 l&rsquo;autodidaxie \u00e0 l&rsquo;\u00e8re du num\u00e9rique"},"content":{"rendered":"<h2>Vid\u00e9os des conf\u00e9rences du colloque<br \/>\nde l&rsquo;Autodidacte \u00e0 l&rsquo;autodidaxie \u00e0 l&rsquo;\u00e8re du num\u00e9rique<\/h2>\n<div id=\"corps\">\n<p>Ce colloque souhaite comprendre\u00a0<strong>les formes et les enjeux de l\u2019autodidaxie contemporaine <\/strong>selon des radiographies interdisciplinaires, impliquant la litt\u00e9rature, les sciences de l\u2019\u00e9ducation, la sociologie, l\u2019&rsquo;histoire, les sciences politiques. Il s\u2019agira de d\u00e9poussi\u00e9rer la notion, d\u2019en saisir la complexit\u00e9 et les ambig\u00fcit\u00e9s id\u00e9ologiques, au-del\u00e0 des effets de mode, en remontant le fil de son histoire depuis la R\u00e9volution et au cours des 19e et 20e si\u00e8cles.<\/p>\n<\/div>\n<p><a href=\"http:\/\/www.univ-paris3.fr\/videos-des-conferences-du-colloque-br-de-l-autodidacte-a-l-autodidaxie-a-l-ere-du-numerique--378665.kjsp\">http:\/\/www.univ-paris3.fr\/videos-des-conferences-du-colloque-br-de-l-autodidacte-a-l-autodidaxie-a-l-ere-du-numerique&#8211;378665.kjsp<\/a><\/p>\n","protected":false},"excerpt":{"rendered":"<p>Vid\u00e9os des conf\u00e9rences du colloque de l&rsquo;Autodidacte \u00e0 l&rsquo;autodidaxie \u00e0 l&rsquo;\u00e8re du num\u00e9rique <\/p>\n<p>Ce colloque souhaite comprendre les formes et les enjeux de l\u2019autodidaxie contemporaine selon des radiographies interdisciplinaires, impliquant la litt\u00e9rature, les sciences de l\u2019\u00e9ducation, la sociologie, l\u2019&rsquo;histoire, les sciences politiques. Il s\u2019agira de d\u00e9poussi\u00e9rer la notion, d\u2019en saisir la complexit\u00e9 et les ambig\u00fcit\u00e9s [&#8230;]<\/p>\n","protected":false},"author":3,"featured_media":0,"comment_status":"open","ping_status":"open","sticky":false,"template":"","format":"standard","meta":{"footnotes":""},"categories":[4],"tags":[],"class_list":["post-2073","post","type-post","status-publish","format-standard","hentry","category-evenements","odd"],"_links":{"self":[{"href":"https:\/\/cis-h.fr\/AGRAF\/wp-json\/wp\/v2\/posts\/2073","targetHints":{"allow":["GET"]}}],"collection":[{"href":"https:\/\/cis-h.fr\/AGRAF\/wp-json\/wp\/v2\/posts"}],"about":[{"href":"https:\/\/cis-h.fr\/AGRAF\/wp-json\/wp\/v2\/types\/post"}],"author":[{"embeddable":true,"href":"https:\/\/cis-h.fr\/AGRAF\/wp-json\/wp\/v2\/users\/3"}],"replies":[{"embeddable":true,"href":"https:\/\/cis-h.fr\/AGRAF\/wp-json\/wp\/v2\/comments?post=2073"}],"version-history":[{"count":0,"href":"https:\/\/cis-h.fr\/AGRAF\/wp-json\/wp\/v2\/posts\/2073\/revisions"}],"wp:attachment":[{"href":"https:\/\/cis-h.fr\/AGRAF\/wp-json\/wp\/v2\/media?parent=2073"}],"wp:term":[{"taxonomy":"category","embeddable":true,"href":"https:\/\/cis-h.fr\/AGRAF\/wp-json\/wp\/v2\/categories?post=2073"},{"taxonomy":"post_tag","embeddable":true,"href":"https:\/\/cis-h.fr\/AGRAF\/wp-json\/wp\/v2\/tags?post=2073"}],"curies":[{"name":"wp","href":"https:\/\/api.w.org\/{rel}","templated":true}]}}