{"id":2082,"date":"2023-05-19T15:51:46","date_gmt":"2023-05-19T15:51:46","guid":{"rendered":"http:\/\/lllearning.free-h.net\/GRAF\/?p=2082"},"modified":"2023-05-19T15:51:46","modified_gmt":"2023-05-19T15:51:46","slug":"seduquer-dans-une-perspective-de-spiritualite-laique","status":"publish","type":"post","link":"https:\/\/cis-h.fr\/AGRAF\/2023\/05\/19\/seduquer-dans-une-perspective-de-spiritualite-laique\/","title":{"rendered":"S&rsquo;\u00e9duquer dans une perspective de spiritualit\u00e9 la\u00efque"},"content":{"rendered":"<p>Dans le cadre du site le <a href=\"http:\/\/journaldeschercheurs.fr\/\">Journal des chercheurs<\/a> fond\u00e9 par Ren\u00e9         Barbier il y a vingt ans et r\u00e9cemment enti\u00e8rement r\u00e9actualis\u00e9,         Florent Pasquier et Christian Verrier vous proposent de         participer le <strong>mardi 6 juin \u00e0 la deuxi\u00e8me \u00ab\u00a0Rencontre         philosophique\u00a0\u00bb en ligne<\/strong> de cette ann\u00e9e, et la 11e depuis la         cr\u00e9ation du dispositif en 2016.<\/p>\n<p>Nous utiliserons cette fois comme support pour cette soir\u00e9e une         vid\u00e9o de 3 minutes choisie sur le Journal des chercheurs, dans         laquelle Ren\u00e9 Barbier d\u00e9veloppait en 2015 quelques id\u00e9es autour         du th\u00e8me : \u00ab\u00a0S&rsquo;\u00e9duquer dans une perspective de spiritualit\u00e9         la\u00efque\u00a0\u00bb. Nous partirons de cette approche, pour la discuter,         l\u2019actualiser, la prolonger en fonction du contexte actuel. Nous         vous invitons \u00e0 visionner cette courte vid\u00e9o avant notre         rencontre (<a href=\"https:\/\/www.youtube.com\/watch?v=zXJnMUo_giU\">https:\/\/www.youtube.com\/watch?v=zXJnMUo_giU<\/a>)         .<br \/>\n<strong>La transcription de la vid\u00e9o de Ren\u00e9 Barbier<\/strong><br \/>\n<em>Perspective de spiritualit\u00e9 la\u00efque<\/em><br \/>\nS\u2019\u00e9duquer signifie trois choses.<br \/>\nD\u2019abord donner un sens \u00e0 sa vie, notamment dans la rencontre, la         rencontre et le dialogue avec diff\u00e9rents savoirs, diff\u00e9rents         savoir-faire issus du capital culturel de l\u2019humanit\u00e9.<br \/>\nEnsuite, s\u2019\u00e9duquer, c\u2019est s\u2019ouvrir au questionnement,         questionnement sur soi pour acc\u00e9der \u00e0 la connaissance de ce que         donc appelle l\u2019\u00eatre essentiel, mais qu\u2019il faudrait d\u00e9finir \u00e0         travers les souffrances et les joies de la vie quotidienne ainsi         que dans la rencontre avec l\u2019autre. Le \u00ab\u00a0toi\u00a0\u00bb dont parle Martin         Buber et les autres.<br \/>\nEnfin, s\u2019\u00e9duquer dans une perspective de spiritualit\u00e9 la\u00efque,         c\u2019est acc\u00e9der \u00e0 un espace de libert\u00e9, donc quelque chose de         potentiellement angoissant, ceci par un arrachement, un         arrachement \u00e0 l\u2019\u00e9ducation, \u00e0 celle qui nous fonde.<br \/>\nMais aussi \u00e0 ces violences symboliques qu\u2019on a subies et qu\u2019on         m\u00e9conna\u00eet en grande partie et \u00e0 ses jeux subtils qui nous         animent jusqu\u2019au fond de nous-m\u00eames.<br \/>\nEn ce sens, s\u2019\u00e9duquer dans une perspective d\u2019autoformation         existentielle c\u2019est d\u2019abord r\u00e9pondre \u00e0 la question : qu\u2019est-ce         qui nous fonde ?<br \/>\nCela implique d\u2019aborder la notion de profondeur et du m\u00eame coup         de nous ouvrir \u00e0 deux voies de conceptualisation.<br \/>\nLa premi\u00e8re, c\u2019est ce que j\u2019appelle la profondeur Dieu.<br \/>\nLa seconde voie est la profondeur de tout simplement, ce qui         est, du r\u00e9el.<br \/>\nEst un homme profond, l\u2019\u00eatre humain qui prend conscience par         lui-m\u00eame et en rapport aussi avec l\u2019autre, qui prend conscience         de la nature de cette profondeur.<br \/>\nLe profond vit alors selon le mode de la reliance. La reliance         m\u2019appara\u00eet comme une cat\u00e9gorie fondamentale de la vie         spirituelle la\u00efque. Un lien intrins\u00e8que extr\u00eamement subtil unit         profondeur, reliance et gravit\u00e9.<br \/>\nL\u2019\u00e9ducation consiste \u00e0 reconna\u00eetre ce lien, \u00e0 le faire vivre, \u00e0         lui donner une signification de tous les instants.<\/p>\n<p>Pour une soir\u00e9e conviviale, participative et r\u00e9flexive, venez         nous rejoindre le <strong>mardi 6 juin de 19h \u00e0 20h30.<br \/>\n<\/strong><strong>Pour obtenir le lien ZOOM\u00a0 :\u00a0<a href=\"mailto:contact@journaldeschercheurs.fr\">contact@journaldeschercheurs.fr<\/a><\/strong><\/p>\n<p>Pour m\u00e9moire : Revue PFA, Num\u00e9ro 64-65 :\u00a0<a href=\"http:\/\/lllearning.free-h.net\/GRAF\/?p=1665\" target=\"_blank\" rel=\"noopener\"><em>Pratiques spirituelles, autoformation et interculturalit\u00e9<\/em><\/a>, 2013<\/p>\n","protected":false},"excerpt":{"rendered":"<p>Dans le cadre du site le Journal des chercheurs fond\u00e9 par Ren\u00e9 Barbier il y a vingt ans et r\u00e9cemment enti\u00e8rement r\u00e9actualis\u00e9, Florent Pasquier et Christian Verrier vous proposent de participer le mardi 6 juin \u00e0 la deuxi\u00e8me \u00ab Rencontre philosophique \u00bb en ligne de cette ann\u00e9e, et la 11e depuis la cr\u00e9ation du dispositif [&#8230;]<\/p>\n","protected":false},"author":3,"featured_media":0,"comment_status":"open","ping_status":"open","sticky":false,"template":"","format":"standard","meta":{"footnotes":""},"categories":[4],"tags":[],"class_list":["post-2082","post","type-post","status-publish","format-standard","hentry","category-evenements","odd"],"_links":{"self":[{"href":"https:\/\/cis-h.fr\/AGRAF\/wp-json\/wp\/v2\/posts\/2082","targetHints":{"allow":["GET"]}}],"collection":[{"href":"https:\/\/cis-h.fr\/AGRAF\/wp-json\/wp\/v2\/posts"}],"about":[{"href":"https:\/\/cis-h.fr\/AGRAF\/wp-json\/wp\/v2\/types\/post"}],"author":[{"embeddable":true,"href":"https:\/\/cis-h.fr\/AGRAF\/wp-json\/wp\/v2\/users\/3"}],"replies":[{"embeddable":true,"href":"https:\/\/cis-h.fr\/AGRAF\/wp-json\/wp\/v2\/comments?post=2082"}],"version-history":[{"count":0,"href":"https:\/\/cis-h.fr\/AGRAF\/wp-json\/wp\/v2\/posts\/2082\/revisions"}],"wp:attachment":[{"href":"https:\/\/cis-h.fr\/AGRAF\/wp-json\/wp\/v2\/media?parent=2082"}],"wp:term":[{"taxonomy":"category","embeddable":true,"href":"https:\/\/cis-h.fr\/AGRAF\/wp-json\/wp\/v2\/categories?post=2082"},{"taxonomy":"post_tag","embeddable":true,"href":"https:\/\/cis-h.fr\/AGRAF\/wp-json\/wp\/v2\/tags?post=2082"}],"curies":[{"name":"wp","href":"https:\/\/api.w.org\/{rel}","templated":true}]}}